{"id":308068,"date":"2021-11-14T16:00:39","date_gmt":"2021-11-14T20:00:39","guid":{"rendered":"http:\/\/diariodominicano.com\/?p=308068"},"modified":"2021-11-14T16:00:39","modified_gmt":"2021-11-14T20:00:39","slug":"ministro-de-interior-estrategia-integral-logra-reducir-niveles-de-violencia-y-delincuencia-en-barrios-de-la-capital-entre-40-y-100","status":"publish","type":"post","link":"https:\/\/diariodominicano.com\/?p=308068","title":{"rendered":"Ministro de Interior: Estrategia Integral logra reducir niveles de violencia y delincuencia en barrios de la capital entre 40 y 100%"},"content":{"rendered":"\n<p><strong>Realiza jornada comunitaria con residentes del barrio La Zurza en coordinaci\u00f3n con la Polic\u00eda Nacional y otras instituciones.<\/strong><\/p>\n\n\n\n<p>Santo Do<strong>mingo, RD<\/strong>, El ministro de Interior y Polic\u00eda, Jes\u00fas V\u00e1squez Mart\u00ednez, inform\u00f3 el domingo que la Estrategia Integral de Seguridad Ciudadana \u00b4\u00b4Mi Pa\u00eds Seguro\u00b4\u00b4 ha reducido entre 40, 70 y 100% los \u00edndices de violencia y delincuencia en los sectores impactados en el Distrito Nacional, por lo que ante este \u00e9xito su extensi\u00f3n continuar\u00e1 en gran parte del pa\u00eds, hasta cubrir todo el territorio nacional.<\/p>\n\n\n\n<p><strong>Al encabezar el \u201cPrimer Encuentro Convivencia Mi Pa\u00eds Seguro\u201d, en el barrio La Zurza del Distrito Nacional, V\u00e1squez Mart\u00ednez cit\u00f3 que despu\u00e9s de la entrada en vigencia de dicha estrategia, los barrios capitalinos \u201cLa Zurza, el Ensanche La Fe y La Puya de Arroyo Hondo\u201d, han reportado cero muertes y heridos por violencia, mientras que los delitos contra la propiedad privada bajaron 40, 46 y 100%, respectivamente, lo cual constituye un gran paso de avance.<\/strong><\/p>\n\n\n\n<p>\u201cEste logro que hoy exhibimos ante ustedes, es el resultado de una serie de acciones integrales, de hombres y mujeres de las diferentes agencias del gobierno, que se han entregado en cuerpo y alma, para la realizaci\u00f3n de charlas, conferencias, talleres de capacitaci\u00f3n, operativos m\u00e9dicos, capacitaci\u00f3n para reducir la mortalidad materno infantil y el embarazo en adolescentes. Tambi\u00e9n actividades sociales, deportivas y culturales\u201d, precis\u00f3 V\u00e1squez Mart\u00ednez.<\/p>\n\n\n\n<p>En la actividad tambi\u00e9n participaron el director de la Polic\u00eda Nacional, mayor general Eduardo Alberto Then; el vicealmirante Jos\u00e9 Manuel Cabrera Ulloa, presidente de la Direcci\u00f3n Nacional de Control de Drogas (DNCD); el director del Instituto Nacional de Tr\u00e1nsito y Transporte Terrestre (INTRANT), Rafael Arias, entre otros.<\/p>\n\n\n\n<p><strong>La Polic\u00eda al lado de la gente<\/strong><\/p>\n\n\n\n<p>El mayor general Alberto Then destac\u00f3 que en La Zurza se ha establecido un esfuerzo integral del Estado, la comunidad y la Polic\u00eda, el cual fortalece los v\u00ednculos que fomentan la paz, el orden p\u00fablico, la soluci\u00f3n de conflictos por la v\u00eda pac\u00edfica y la garant\u00eda de vivir seguros, sin miedo de ser v\u00edctima de violencia o de ser despojados de sus propiedades.<\/p>\n\n\n\n<p>\u201cLa visi\u00f3n de la Polic\u00eda Nacional es garantizar la seguridad de todos los seres humanos, mantener el orden p\u00fablico, para que as\u00ed todos podamos vivir como sociedad en conjunto y en eso estamos poniendo todo nuestro empe\u00f1o y dedicaci\u00f3n\u201d, manifest\u00f3.<\/p>\n\n\n\n<p><strong>Servicio a la comunidad<\/strong><\/p>\n\n\n\n<p>La jornada incluy\u00f3 un operativo m\u00e9dico-odontol\u00f3gico, capacitaci\u00f3n para reducir la mortalidad materno infantil, reforestaci\u00f3n, talleres, actividades deportivas y culturales, y reuniones con dirigentes comunitarios.<\/p>\n\n\n\n<p>V\u00e1squez Mart\u00ednez inst\u00f3 a la familia dominicana a seguir apostando a los buenos valores y al rescate y fortalecimiento de la familia, ya que lo que ocurre en el seno de la familia impacta de manera indirecta en la sociedad.<\/p>\n\n\n\n<p>Anunci\u00f3 que desde el ministerio se hacen los esfuerzos de lugar para antes de que finalice el presente a\u00f1o \u00abMi Pa\u00eds Seguro\u00bb sea llevado a Barahona, Santiago, La Romana y Santo Domingo Este, y en 2022 a Hig\u00fcey, San Crist\u00f3bal, Santo Domingo Oeste y Norte, La Vega, Santo Domingo, Saman\u00e1, San Pedro de Macor\u00eds, Moca, Puerto Plata, Boca Chica, Azua y Ban\u00ed.<\/p>\n\n\n\n<p>Prensa Polic\u00eda Nacional<a rel=\"noreferrer noopener\" target=\"_blank\" href=\"mailto:prensadigitalpn@gmail.com\">prensadigitalpn@gmail.com<\/a><\/p>\n\n\n\n<p><\/p>\n\n\n\n<p>Diariodominicano.com<\/p>\n\n\n\n<p><strong>El Medio de Comunicaci\u00f3n<\/strong><\/p>\n\n\n\n<p><\/p>\n","protected":false},"excerpt":{"rendered":"<p>Realiza jornada comunitaria con residentes del barrio La Zurza en coordinaci\u00f3n con la Polic\u00eda Nacional y otras instituciones. Santo Domingo, RD, El ministro de Interior y Polic\u00eda, Jes\u00fas V\u00e1squez Mart\u00ednez, inform\u00f3 el domingo que la Estrategia Integral de Seguridad Ciudadana \u00b4\u00b4Mi Pa\u00eds Seguro\u00b4\u00b4 ha reducido entre 40, 70 y 100% los \u00edndices de violencia y [&hellip;]<\/p>\n","protected":false},"author":2,"featured_media":308069,"comment_status":"closed","ping_status":"","sticky":true,"template":"","format":"standard","meta":{"footnotes":""},"categories":[20,27],"tags":[],"class_list":["post-308068","post","type-post","status-publish","format-standard","has-post-thumbnail","hentry","category-dominicana-hoy","category-portada"],"_links":{"self":[{"href":"https:\/\/diariodominicano.com\/index.php?rest_route=\/wp\/v2\/posts\/308068","targetHints":{"allow":["GET"]}}],"collection":[{"href":"https:\/\/diariodominicano.com\/index.php?rest_route=\/wp\/v2\/posts"}],"about":[{"href":"https:\/\/diariodominicano.com\/index.php?rest_route=\/wp\/v2\/types\/post"}],"author":[{"embeddable":true,"href":"https:\/\/diariodominicano.com\/index.php?rest_route=\/wp\/v2\/users\/2"}],"replies":[{"embeddable":true,"href":"https:\/\/diariodominicano.com\/index.php?rest_route=%2Fwp%2Fv2%2Fcomments&post=308068"}],"version-history":[{"count":1,"href":"https:\/\/diariodominicano.com\/index.php?rest_route=\/wp\/v2\/posts\/308068\/revisions"}],"predecessor-version":[{"id":308070,"href":"https:\/\/diariodominicano.com\/index.php?rest_route=\/wp\/v2\/posts\/308068\/revisions\/308070"}],"wp:featuredmedia":[{"embeddable":true,"href":"https:\/\/diariodominicano.com\/index.php?rest_route=\/wp\/v2\/media\/308069"}],"wp:attachment":[{"href":"https:\/\/diariodominicano.com\/index.php?rest_route=%2Fwp%2Fv2%2Fmedia&parent=308068"}],"wp:term":[{"taxonomy":"category","embeddable":true,"href":"https:\/\/diariodominicano.com\/index.php?rest_route=%2Fwp%2Fv2%2Fcategories&post=308068"},{"taxonomy":"post_tag","embeddable":true,"href":"https:\/\/diariodominicano.com\/index.php?rest_route=%2Fwp%2Fv2%2Ftags&post=308068"}],"curies":[{"name":"wp","href":"https:\/\/api.w.org\/{rel}","templated":true}]}}