{"id":308050,"date":"2021-11-14T15:27:55","date_gmt":"2021-11-14T19:27:55","guid":{"rendered":"http:\/\/diariodominicano.com\/?p=308050"},"modified":"2021-11-14T15:28:53","modified_gmt":"2021-11-14T19:28:53","slug":"abel-martinez-la-falta-de-politicas-publicas-eficientes-esta-empujando-a-nuestros-jovenes-a-las-calles","status":"publish","type":"post","link":"https:\/\/diariodominicano.com\/?p=308050","title":{"rendered":"Abel Mart\u00ednez: \u201cla falta de pol\u00edticas p\u00fablicas eficientes est\u00e1 empujando a nuestros j\u00f3venes a las calles\u201d"},"content":{"rendered":"\n<p><strong>Consider\u00f3 que la falta de oportunidades est\u00e1 causando que el pobre sea m\u00e1s pobre; que las mujeres y la juventud se sientan arropados por la desesperanza al ver su futuro tronchado<\/strong><\/p>\n\n\n\n<p>Santo Do<strong>mingo<\/strong>.- El aspirante a la nominaci\u00f3n presidencial por el Partido de la Liberaci\u00f3n Dominicana (PLD) Abel Mart\u00ednez, realiz\u00f3 un amplio recorrido por la circunscripci\u00f3n #3 de Santo Domingo Este, durante el cual\u00a0\u00a0comparti\u00f3 inquietudes\u00a0\u00a0con la dirigencia y militancia en esa demarcaci\u00f3n, manifestando preocupaci\u00f3n por la desaparici\u00f3n de los planes sociales en diversas ramas, tendentes a aligerar la carga de las franjas m\u00e1s vulnerables del pa\u00eds.<\/p>\n\n\n\n<p>En los encuentros, Mart\u00ednez escuch\u00f3 las quejas y necesidades que enfrentan los j\u00f3venes, las madres solteras y los adultos mayores, quienes se sienten olvidados por las actuales autoridades.<\/p>\n\n\n\n<p><br>\u201cHe escuchado atentamente con preocupaci\u00f3n e impotencia, el grito desesperado de nuestros envejecientes que se sienten completamente abandonados porque ya no est\u00e1n recibiendo las ayudas ni las atenciones que recib\u00edan en el pasado y eso es muestra de la gran indolencia que caracteriza a estas autoridades elitistas, que no valoran los a\u00f1os de trabajo y sacrificio de los adultos mayores que al llegar a esa edad, merecen tener una vida digna, tranquila, con su alimentaci\u00f3n y medicamentos garantizados; eso es inaceptable\u201d, expres\u00f3 Mart\u00ednez&nbsp;<\/p>\n\n\n\n<p>Abel critic\u00f3 que las farmacias del pueblo que brindaban un servicio vital a la poblaci\u00f3n m\u00e1s pobre para poder tener acceso a sus medicinas a bajo costo, se encuentren completamente desabastecidas, \u201cpero tampoco se les permite a las franjas vulnerables como son los pacientes de c\u00e1ncer, diab\u00e9ticos, y personas con enfermedades catastr\u00f3ficas, recibir los medicamentos de alto costo porque han paralizado los programas de medicamentos esenciales y solo lo reciben unos pocos compa\u00f1eritos,&nbsp;&nbsp;cuando&nbsp;<strong>la salud y la alimentaci\u00f3n del pueblo no debe tener color ni bandera pol\u00edtica.<\/strong>&nbsp;<strong>Se est\u00e1 condenado a muerte a estos pacientes que no cuentan con la facilidad de costear sus tratamientos\u201d.<\/strong><\/p>\n\n\n\n<p>\u201cHemos visto c\u00f3mo han desaparecido los operativos masivos y permanentes de salud que se realizaban a nivel nacional, con m\u00e9dicos capacitados que acud\u00edan a todos los barrios. Nosotros llev\u00e1bamos las atenciones m\u00e9dicas a los barrios m\u00e1s necesitados y se les garantizaban alimentos a todas y todos, de puerta a puerta sin importar que fueran de tal o cual partido,&nbsp;<strong>porque es as\u00ed como se gobierna para la gente; las actuales autoridades no saben lo que eso\u201d, se\u00f1al\u00f3.<\/strong><\/p>\n\n\n\n<p>Durante el recorrido el tambi\u00e9n miembro del Comit\u00e9 Pol\u00edtico y actual alcalde de Santiago, escuch\u00f3 las inquietudes de madres solteras que tambi\u00e9n se sienten abandonadas a su suerte al no recibir ni asistencia estatal ni oportunidad de conseguir trabajo para hacer frente a las necesidades de sus hijos.<\/p>\n\n\n\n<p>\u201cSabemos que hay un descuido total en todo lo referente a las pol\u00edticas p\u00fablicas que van dirigidas a las mujeres de escasos recursos, a las embarazadas, a las madres solteras, pero tampoco los j\u00f3venes tienen opciones de capacitarse y menos a\u00fan, de encontrar un trabajo digno que les permita salir adelante.&nbsp;<strong>Est\u00e1n empujando a nuestra juventud a las calles, a delinquir por falta de oportunidades y eso tiene que parar; por eso les digo que debemos trabajar sin descanso para fortalecernos desde este proyecto de pa\u00eds del PLD, para sacar a esta gente de la presidencia en el 2024, por amor a nuestro pueblo y lo haremos\u201d,<\/strong>&nbsp;asegur\u00f3 Abel Mart\u00ednez quien estuvo acompa\u00f1ado por la dirigencia del PLD de Santo Domingo Este.<\/p>\n\n\n\n<p>El recorrido de Abel Mart\u00ednez, que estuvo encabezado por los&nbsp;&nbsp;diputados Isabel De la Cruz, Carlos Jos\u00e9 Gil, y Franklin Mart\u00ednez, as\u00ed como por Alfredo Mart\u00ednez, exalcalde SDE, Roberto Puente, alcalde de Hato Viejo, Guerra, Marcial Reyes, alcalde de La Caleta; los miembros del Comit\u00e9 Central Ysidro Romano, Emerson Vegazo, Mayrelis Rosa, Deny Reyes, Manuel Villanueva, Vicky Cortorreal, Andr\u00e9s P\u00e9rez Heredia, Joselito F\u00e9lix, entre otros, inici\u00f3 en casa del presidente de intermedio Fulton F\u00e9liz, en Brisas del Este, y continu\u00f3 por Hato Nuevo, El Toro del municipio de Guerra, Cancino y Hainamosa, culminando en el sector de Invivienda,&nbsp;&nbsp;donde se conformaron varios movimientos de apoyo a las aspiraciones de Mart\u00ednez, quien estuvo acompa\u00f1ado por el miembro del Comit\u00e9 Pol\u00edtico Jhonny Pujols, el regidor Yamil Fortuna, junto a&nbsp;&nbsp;decenas de miembros del Comit\u00e9 Central, presidentes de intermedios y dirigentes del PLD<\/p>\n\n\n\n<p><strong>Domingo 14 de noviembre, 2021<\/strong><\/p>\n\n\n\n<p><strong>Direcci\u00f3n de Comunicaci\u00f3n y Prensa<\/strong><\/p>\n\n\n\n<p><strong>Oficina Pol\u00edtica Abel Mart\u00ednez.<\/strong><br>Tessie S\u00e1nchez\u00a0Comunicaciones<\/p>\n\n\n\n<p>Diariodominicano.com<\/p>\n\n\n\n<p>El Medio de Comunicaci\u00f3n<\/p>\n","protected":false},"excerpt":{"rendered":"<p>Consider\u00f3 que la falta de oportunidades est\u00e1 causando que el pobre sea m\u00e1s pobre; que las mujeres y la juventud se sientan arropados por la desesperanza al ver su futuro tronchado Santo Domingo.- El aspirante a la nominaci\u00f3n presidencial por el Partido de la Liberaci\u00f3n Dominicana (PLD) Abel Mart\u00ednez, realiz\u00f3 un amplio recorrido por la [&hellip;]<\/p>\n","protected":false},"author":2,"featured_media":308051,"comment_status":"closed","ping_status":"","sticky":true,"template":"","format":"standard","meta":{"footnotes":""},"categories":[22,27],"tags":[],"class_list":["post-308050","post","type-post","status-publish","format-standard","has-post-thumbnail","hentry","category-politica","category-portada"],"_links":{"self":[{"href":"https:\/\/diariodominicano.com\/index.php?rest_route=\/wp\/v2\/posts\/308050","targetHints":{"allow":["GET"]}}],"collection":[{"href":"https:\/\/diariodominicano.com\/index.php?rest_route=\/wp\/v2\/posts"}],"about":[{"href":"https:\/\/diariodominicano.com\/index.php?rest_route=\/wp\/v2\/types\/post"}],"author":[{"embeddable":true,"href":"https:\/\/diariodominicano.com\/index.php?rest_route=\/wp\/v2\/users\/2"}],"replies":[{"embeddable":true,"href":"https:\/\/diariodominicano.com\/index.php?rest_route=%2Fwp%2Fv2%2Fcomments&post=308050"}],"version-history":[{"count":2,"href":"https:\/\/diariodominicano.com\/index.php?rest_route=\/wp\/v2\/posts\/308050\/revisions"}],"predecessor-version":[{"id":308054,"href":"https:\/\/diariodominicano.com\/index.php?rest_route=\/wp\/v2\/posts\/308050\/revisions\/308054"}],"wp:featuredmedia":[{"embeddable":true,"href":"https:\/\/diariodominicano.com\/index.php?rest_route=\/wp\/v2\/media\/308051"}],"wp:attachment":[{"href":"https:\/\/diariodominicano.com\/index.php?rest_route=%2Fwp%2Fv2%2Fmedia&parent=308050"}],"wp:term":[{"taxonomy":"category","embeddable":true,"href":"https:\/\/diariodominicano.com\/index.php?rest_route=%2Fwp%2Fv2%2Fcategories&post=308050"},{"taxonomy":"post_tag","embeddable":true,"href":"https:\/\/diariodominicano.com\/index.php?rest_route=%2Fwp%2Fv2%2Ftags&post=308050"}],"curies":[{"name":"wp","href":"https:\/\/api.w.org\/{rel}","templated":true}]}}