{"id":308011,"date":"2021-11-14T12:41:11","date_gmt":"2021-11-14T16:41:11","guid":{"rendered":"http:\/\/diariodominicano.com\/?p=308011"},"modified":"2021-11-14T12:41:11","modified_gmt":"2021-11-14T16:41:11","slug":"garcia-fermin-asegura-gobierno-luis-abinader-ejecuta-programas-academicos-para-jovenes-region-suroeste-ante-desafios-turismo-y-agropecuaria","status":"publish","type":"post","link":"https:\/\/diariodominicano.com\/?p=308011","title":{"rendered":"Garc\u00eda Ferm\u00edn asegura gobierno Luis Abinader ejecuta programas acad\u00e9micos para j\u00f3venes regi\u00f3n suroeste ante desaf\u00edos turismo y agropecuaria"},"content":{"rendered":"\n<p>diariodominicano.com<\/p>\n\n\n\n<p><em>Titular del Mescyt se re\u00fane en Santiago con 30 j\u00f3venes becados por el gobierno que estudian en Universidad Isa<\/em><em><\/em><\/p>\n\n\n\n<p><strong>Santiago, R. D.,  14 de noviembre,2021<\/strong> &#8211; El ministro de Educaci\u00f3n Superior, Ciencia y Tecnolog\u00eda, doctor Franklin Garc\u00eda Ferm\u00edn, asegur\u00f3 que el gobierno del presidente Luis\u00a0Abinader\u00a0est\u00e1 ejecutando una serie de programas acad\u00e9micos a favor de cientos de j\u00f3venes del suroeste como forma de dar respuesta a los desaf\u00edos que implicar\u00e1 el desarrollo tur\u00edstico y agr\u00edcola de esa regi\u00f3n.\u00a0<\/p>\n\n\n\n<p>Indic\u00f3 que el aumento de las capacidades profesionales de la regi\u00f3n suroeste es lo que permitir\u00e1 superar los niveles de pobreza que se registran en las diferentes poblaciones de esa zona.<\/p>\n\n\n\n<p>Garc\u00eda Ferm\u00edn hizo los se\u00f1alamientos al sostener un encuentro con 30 j\u00f3venes procedentes de las comunidades de&nbsp;Bohech\u00edo, en San Juan, y Los Fr\u00edos, en el municipio Padres las Casas, Azua, que estudian la carrera&nbsp;T\u00e9cnico&nbsp;Superior en Producci\u00f3n&nbsp;Agr\u00edcola&nbsp;en la Universidad Isa, tras ser beneficiados con el otorgamiento de becas por parte del Ministerio de Educaci\u00f3n Superior, Ciencia y Tecnolog\u00eda (Mescyt).&nbsp;<\/p>\n\n\n\n<p>En el encuentro estaban presentes el rector de la Universidad Isa, ingeniero Benito A.&nbsp;Ferreiras, y el doctor Juan Jos\u00e9&nbsp;Battle, presidente del Consejo de directores de esa academia, as\u00ed como otras autoridades universitarias.&nbsp;<\/p>\n\n\n\n<p>Garc\u00eda Ferm\u00edn dijo a los estudiantes que \u201custedes est\u00e1n aqu\u00ed form\u00e1ndose en las&nbsp;\u00e1reas&nbsp;que son de&nbsp;inter\u00e9s&nbsp;de la zona del suroeste de nuestro pa\u00eds\u201d.<\/p>\n\n\n\n<p>\u201cAprovechen al m\u00e1ximo esta oportunidad que les estamos brindando, porque es una oportunidad de vida donde ustedes van a cambiar, su familia y la regi\u00f3n\u201d, precis\u00f3.&nbsp;<\/p>\n\n\n\n<p>Garc\u00eda Ferm\u00edn indic\u00f3 que \u201crecuerden que la educaci\u00f3n es la principal fuerza motriz para producir lo que los soci\u00f3logos llaman la movilidad social\u201d.<\/p>\n\n\n\n<p>\u201cEn nombre del gobierno del presidente Luis&nbsp;Abinader, los recibimos y pueden ustedes estar seguros que van a contar con nosotros\u201d, dijo.&nbsp;<\/p>\n\n\n\n<p><strong>Rector Universidad Isa<\/strong>&nbsp;<\/p>\n\n\n\n<p>El rector de la Universidad Isa, ingeniero Benito A.&nbsp;Ferreiras, agradeci\u00f3 el respaldo de la&nbsp;Mescyt&nbsp;a la formaci\u00f3n de j\u00f3venes de la regi\u00f3n suroeste en las instalaciones de esa academia en la ciudad de&nbsp;Santiago.<\/p>\n\n\n\n<p>Dijo que los esfuerzos del doctor Garc\u00eda Ferm\u00edn dar\u00e1n como resultados que decenas de&nbsp;j\u00f3venes&nbsp;de esa zona puedan superarse para beneficios de las comunidades que representan.&nbsp;<\/p>\n\n\n\n<p>\u201cEsperamos que ustedes respondan a esta iniciativa del gobierno porque vinieron al Isa a estudiar,&nbsp;y&nbsp;por tanto, ese el trabajo de ustedes en esta etapa\u201d, indic\u00f3&nbsp;Ferreiras.&nbsp;<\/p>\n\n\n\n<p><strong>Estudiantes agradecen<\/strong>&nbsp;<\/p>\n\n\n\n<p>Los estudiantes&nbsp;Derisleydi&nbsp;D\u00edaz Delgado, del municipio de&nbsp;Bohech\u00edo&nbsp;y&nbsp;Antonio Jos\u00e9 Luna de la Cruz, de Padres Las Casas, agradecieron la decisi\u00f3n del presidente&nbsp;Abinader&nbsp;de otorgar becas a trav\u00e9s del&nbsp;Mescyt&nbsp;a los&nbsp;j\u00f3venes&nbsp;de la regi\u00f3n suroeste.&nbsp;<\/p>\n\n\n\n<p>Fuente:  <strong>DIRECCION DE COMUNICACIONES<\/strong><\/p>\n\n\n\n<p><strong>DEPARTAMENTO DE PRENSA<\/strong><strong><\/strong><\/p>\n\n\n\n<p><\/p>\n\n\n\n<p><\/p>\n","protected":false},"excerpt":{"rendered":"<p>diariodominicano.com Titular del Mescyt se re\u00fane en Santiago con 30 j\u00f3venes becados por el gobierno que estudian en Universidad Isa Santiago, R. D., 14 de noviembre,2021 &#8211; El ministro de Educaci\u00f3n Superior, Ciencia y Tecnolog\u00eda, doctor Franklin Garc\u00eda Ferm\u00edn, asegur\u00f3 que el gobierno del presidente Luis\u00a0Abinader\u00a0est\u00e1 ejecutando una serie de programas acad\u00e9micos a favor de [&hellip;]<\/p>\n","protected":false},"author":5,"featured_media":308012,"comment_status":"closed","ping_status":"","sticky":true,"template":"","format":"standard","meta":{"footnotes":""},"categories":[20,27],"tags":[],"class_list":["post-308011","post","type-post","status-publish","format-standard","has-post-thumbnail","hentry","category-dominicana-hoy","category-portada"],"_links":{"self":[{"href":"https:\/\/diariodominicano.com\/index.php?rest_route=\/wp\/v2\/posts\/308011","targetHints":{"allow":["GET"]}}],"collection":[{"href":"https:\/\/diariodominicano.com\/index.php?rest_route=\/wp\/v2\/posts"}],"about":[{"href":"https:\/\/diariodominicano.com\/index.php?rest_route=\/wp\/v2\/types\/post"}],"author":[{"embeddable":true,"href":"https:\/\/diariodominicano.com\/index.php?rest_route=\/wp\/v2\/users\/5"}],"replies":[{"embeddable":true,"href":"https:\/\/diariodominicano.com\/index.php?rest_route=%2Fwp%2Fv2%2Fcomments&post=308011"}],"version-history":[{"count":1,"href":"https:\/\/diariodominicano.com\/index.php?rest_route=\/wp\/v2\/posts\/308011\/revisions"}],"predecessor-version":[{"id":308013,"href":"https:\/\/diariodominicano.com\/index.php?rest_route=\/wp\/v2\/posts\/308011\/revisions\/308013"}],"wp:featuredmedia":[{"embeddable":true,"href":"https:\/\/diariodominicano.com\/index.php?rest_route=\/wp\/v2\/media\/308012"}],"wp:attachment":[{"href":"https:\/\/diariodominicano.com\/index.php?rest_route=%2Fwp%2Fv2%2Fmedia&parent=308011"}],"wp:term":[{"taxonomy":"category","embeddable":true,"href":"https:\/\/diariodominicano.com\/index.php?rest_route=%2Fwp%2Fv2%2Fcategories&post=308011"},{"taxonomy":"post_tag","embeddable":true,"href":"https:\/\/diariodominicano.com\/index.php?rest_route=%2Fwp%2Fv2%2Ftags&post=308011"}],"curies":[{"name":"wp","href":"https:\/\/api.w.org\/{rel}","templated":true}]}}