{"id":308000,"date":"2021-11-14T09:12:34","date_gmt":"2021-11-14T13:12:34","guid":{"rendered":"http:\/\/diariodominicano.com\/?p=308000"},"modified":"2021-11-14T09:12:34","modified_gmt":"2021-11-14T13:12:34","slug":"destacan-se-desarrolla-con-rotundo-exito-campana-de-afiliacion-y-promocion-fuerza-del-pueblo-en-santo-domingo-este","status":"publish","type":"post","link":"https:\/\/diariodominicano.com\/?p=308000","title":{"rendered":"Destacan se desarrolla con rotundo \u00e9xito campa\u00f1a de afiliaci\u00f3n y promoci\u00f3n Fuerza del Pueblo en Santo Domingo Este"},"content":{"rendered":"\n<p><\/p>\n\n\n\n<p><\/p>\n\n\n\n<p><strong> La campa\u00f1a de empadronamiento se lleva a cabo en el marco de la jornada nacional de afiliaci\u00f3n que desde hace meses mantiene la Fuerza del Pueblo, con el\u00a0 objetivo de completar no menos de un mill\u00f3n de nuevos miembros\u00a0 en lo que resta del a\u00f1o, para presentar el padr\u00f3n electoral de la agrupaci\u00f3n pol\u00edtica.\u00a0<\/strong><\/p>\n\n\n\n<p> S<strong>ANTO DOMINGO ESTE, RD.-<\/strong> Con un \u00e9xito rotundo se desarrolla la campa\u00f1a de afiliaci\u00f3n de nuevos miembros del Partido Fuerza del Pueblo (FP) en la Circunscripci\u00f3n UNO de esa organizaci\u00f3n en el municipio Santo Domingo Este de la provincia Santo Domingo.\u00a0<\/p>\n\n\n\n<p>Adem\u00e1s de esta campa\u00f1a, se realiza una novedosa actividad de promoci\u00f3n de la Fuerza del Pueblo, encabezada por el ex diputado Julio Romero, miembro&nbsp; de la Direcci\u00f3n Pol\u00edtica de la Fuerza del Pueblo en la Circunscripci\u00f3n&nbsp; No. 1 y coordinada entre los diferentes dirigentes que integran dicho organismo dentro de la organizaci\u00f3n pol\u00edtica que preside&nbsp; Luis Hern\u00e1ndez.<\/p>\n\n\n\n<p>En la actividad, que arranc\u00f3 este s\u00e1bado 13 de Noviembre, se produjo  la entrega de paraguas grandes, pintados con colores y lemas de las Fuerzas del Pueblo a vendedores ambulantes y operadores de puestos fijos en el Ensanche Ozama, Alma Rosa, Ensanche Isabelita, Villa Duarte, Calero, Carretera de Mendoza, y otros sectores de Santo Domingo Este que abarcan la Circunscripci\u00f3n\u00a0 UNO de la Fuerza del Pueblo\u00a0<\/p>\n\n\n\n<p>La entrega de paraguas-&nbsp; carpas y la campa\u00f1a&nbsp; de afiliaci\u00f3n de nuevos miembros han dinamizado las actividades de la Fuerza del Pueblo, en los sectores de la Circunscripci\u00f3n Uno de Santo Domingo Este,&nbsp;<\/p>\n\n\n\n<p>La campa\u00f1a de empadronamiento se lleva a cabo en el marco de la jornada nacional de afiliaci\u00f3n que desde hace meses mantiene la Fuerza del Pueblo, con el&nbsp; objetivo de completar no menos de un mill\u00f3n de nuevos miembros&nbsp; en lo que resta del a\u00f1o, para presentar el padr\u00f3n electoral de la agrupaci\u00f3n pol\u00edtica&nbsp;<\/p>\n\n\n\n<p>Los equipos de trabajo se despliegan con frecuencia, principalmente los fines de semana, por los distintos sectores de la Circunscripci\u00f3n Uno de la Fuerza del Pueblo en Santo Domingo Este, visitando Casa por casa y la gente responde con el suministro de los datos requeridos para su afiliaci\u00f3n en la Fuerza del Pueblo, actividad que se ha desarrollado siempre con mucho entusiasmo en la poblaci\u00f3n, lo que ha contribuido al \u00e9xito de la campa\u00f1a de afiliaci\u00f3n&nbsp;&nbsp;<\/p>\n\n\n\n<p>Los equipos de trabajo de empadronamiento est\u00e1n conformados por hombres y mujeres de los distintos organismos de la agrupaci\u00f3n, lo que ha permitido que la campa\u00f1a se realice en un clima de mucha armon\u00eda y entusiasmo,&nbsp;<\/p>\n\n\n\n<p>Desde hace meses, la Fuerza del Pueblo est\u00e1 inmersa en una amplia jornada en todo el pa\u00eds para lograr la inscripci\u00f3n de no menos de un mill\u00f3n de nuevos miembros para dejar conformado el padr\u00f3n electoral del partido a m\u00e1s tardar en diciembre pr\u00f3ximo.<\/p>\n\n\n\n<p>J<strong>ose Antonio Vargas gerrero<\/strong>\u00a0&lt;jvargas6481@gmail.com><\/p>\n","protected":false},"excerpt":{"rendered":"<p>La campa\u00f1a de empadronamiento se lleva a cabo en el marco de la jornada nacional de afiliaci\u00f3n que desde hace meses mantiene la Fuerza del Pueblo, con el\u00a0 objetivo de completar no menos de un mill\u00f3n de nuevos miembros\u00a0 en lo que resta del a\u00f1o, para presentar el padr\u00f3n electoral de la agrupaci\u00f3n pol\u00edtica.\u00a0 SANTO [&hellip;]<\/p>\n","protected":false},"author":2,"featured_media":308001,"comment_status":"closed","ping_status":"","sticky":true,"template":"","format":"standard","meta":{"footnotes":""},"categories":[22,27],"tags":[],"class_list":["post-308000","post","type-post","status-publish","format-standard","has-post-thumbnail","hentry","category-politica","category-portada"],"_links":{"self":[{"href":"https:\/\/diariodominicano.com\/index.php?rest_route=\/wp\/v2\/posts\/308000","targetHints":{"allow":["GET"]}}],"collection":[{"href":"https:\/\/diariodominicano.com\/index.php?rest_route=\/wp\/v2\/posts"}],"about":[{"href":"https:\/\/diariodominicano.com\/index.php?rest_route=\/wp\/v2\/types\/post"}],"author":[{"embeddable":true,"href":"https:\/\/diariodominicano.com\/index.php?rest_route=\/wp\/v2\/users\/2"}],"replies":[{"embeddable":true,"href":"https:\/\/diariodominicano.com\/index.php?rest_route=%2Fwp%2Fv2%2Fcomments&post=308000"}],"version-history":[{"count":1,"href":"https:\/\/diariodominicano.com\/index.php?rest_route=\/wp\/v2\/posts\/308000\/revisions"}],"predecessor-version":[{"id":308002,"href":"https:\/\/diariodominicano.com\/index.php?rest_route=\/wp\/v2\/posts\/308000\/revisions\/308002"}],"wp:featuredmedia":[{"embeddable":true,"href":"https:\/\/diariodominicano.com\/index.php?rest_route=\/wp\/v2\/media\/308001"}],"wp:attachment":[{"href":"https:\/\/diariodominicano.com\/index.php?rest_route=%2Fwp%2Fv2%2Fmedia&parent=308000"}],"wp:term":[{"taxonomy":"category","embeddable":true,"href":"https:\/\/diariodominicano.com\/index.php?rest_route=%2Fwp%2Fv2%2Fcategories&post=308000"},{"taxonomy":"post_tag","embeddable":true,"href":"https:\/\/diariodominicano.com\/index.php?rest_route=%2Fwp%2Fv2%2Ftags&post=308000"}],"curies":[{"name":"wp","href":"https:\/\/api.w.org\/{rel}","templated":true}]}}