{"id":307972,"date":"2021-11-13T20:06:55","date_gmt":"2021-11-14T00:06:55","guid":{"rendered":"http:\/\/diariodominicano.com\/?p=307972"},"modified":"2021-11-15T03:11:56","modified_gmt":"2021-11-15T07:11:56","slug":"expomovil-banreservas-con-alta-demanda-de-financiamiento-de-vehiculos","status":"publish","type":"post","link":"https:\/\/diariodominicano.com\/?p=307972","title":{"rendered":"Expom\u00f3vil Banreservas con alta demanda de financiamiento de veh\u00edculos"},"content":{"rendered":"\n<p><strong>El administrador general de Banreservas, Samuel Pereyra, realiz\u00f3 un<br>recorrido por diferentes dealers y concesionarios del Distrito Nacional y<br>Santo Domingo Este, durante el segundo d\u00eda de Expom\u00f3vil 2021.<\/strong><\/p>\n\n\n\n<p><em>Se prev\u00e9 que la feria supere el volumen de solicitudes de a\u00f1os anteriores<\/em><\/p>\n\n\n\n<p><strong>Santo Domingo, RD, 13 de noviembre de 2021.-<\/strong> La feria automotriz que celebra el Banco de Reservas este fin de semana proyecta concluir este domingo con una gran demanda por parte del p\u00fablico, que desde el jueves aprovecha las bajas tasas y amplios beneficios ofrecidos, como es la facilidad para realizar el primer pago de financiamiento en febrero del 2022.<\/p>\n\n\n\n<p>Entre los veh\u00edculos m\u00e1s demandados se encuentran los autom\u00f3viles nuevos y usados, jeepetas, camionetas y veh\u00edculos pesados para el sector construcci\u00f3n, transporte y uso agr\u00edcola y comercial. Las unidades h\u00edbridas y el\u00e9ctricas, aunque en menor medida, tambi\u00e9n han registrado una mayor demanda, con respecto a a\u00f1os anteriores.<\/p>\n\n\n\n<p>Durante todo el fin de semana, el administrador general de la instituci\u00f3n financiera, Samuel Pereyra, acompa\u00f1ado de un equipo de ejecutivos de negocios, se ha mantenido visitando dealers y concesionarios para supervisar la marcha de la Expom\u00f3vil inaugurada el mi\u00e9rcoles en la noche.<\/p>\n\n\n\n<p>Pereyra realiz\u00f3 el viernes un recorrido por las instalaciones de distribuidores de veh\u00edculos de La Vega, Moca y Santiago, y este s\u00e1bado estuvo en el Distrito Nacional y Santo Domingo Este, donde convers\u00f3 con importadores y distribuidores de las distintas marcas y modelos.<\/p>\n\n\n\n<p>El subadministrador de Negocios, Ysidro Garc\u00eda, quien acompa\u00f1\u00f3 a Pereyra, declar\u00f3 que los reportes de solicitudes de financiamiento han superado la demanda de a\u00f1os anteriores, por lo que prev\u00e9 un gran \u00e9xito al finalizar la feria este domingo en la noche.<\/p>\n\n\n\n<div class=\"wp-block-jetpack-slideshow aligncenter\" data-effect=\"slide\"><div class=\"wp-block-jetpack-slideshow_container swiper-container\"><ul class=\"wp-block-jetpack-slideshow_swiper-wrapper swiper-wrapper\"><li class=\"wp-block-jetpack-slideshow_slide swiper-slide\"><figure><img loading=\"lazy\" decoding=\"async\" width=\"1024\" height=\"683\" alt=\"\" class=\"wp-block-jetpack-slideshow_image wp-image-308175\" data-id=\"308175\" src=\"https:\/\/diariodominicano.com\/wp-content\/uploads\/2021\/11\/Ysidro-Garcia-Samuel-Pereyra-y-Cesar-De-los-Santos-1024x683.jpg\" srcset=\"https:\/\/diariodominicano.com\/wp-content\/uploads\/2021\/11\/Ysidro-Garcia-Samuel-Pereyra-y-Cesar-De-los-Santos-1024x683.jpg 1024w, https:\/\/diariodominicano.com\/wp-content\/uploads\/2021\/11\/Ysidro-Garcia-Samuel-Pereyra-y-Cesar-De-los-Santos-300x200.jpg 300w, https:\/\/diariodominicano.com\/wp-content\/uploads\/2021\/11\/Ysidro-Garcia-Samuel-Pereyra-y-Cesar-De-los-Santos-768x512.jpg 768w, https:\/\/diariodominicano.com\/wp-content\/uploads\/2021\/11\/Ysidro-Garcia-Samuel-Pereyra-y-Cesar-De-los-Santos-1536x1024.jpg 1536w, https:\/\/diariodominicano.com\/wp-content\/uploads\/2021\/11\/Ysidro-Garcia-Samuel-Pereyra-y-Cesar-De-los-Santos-2048x1365.jpg 2048w, https:\/\/diariodominicano.com\/wp-content\/uploads\/2021\/11\/Ysidro-Garcia-Samuel-Pereyra-y-Cesar-De-los-Santos-816x544.jpg 816w\" sizes=\"auto, (max-width: 1024px) 100vw, 1024px\" \/><\/figure><\/li><li class=\"wp-block-jetpack-slideshow_slide swiper-slide\"><figure><img loading=\"lazy\" decoding=\"async\" width=\"1024\" height=\"683\" alt=\"\" class=\"wp-block-jetpack-slideshow_image wp-image-308174\" data-id=\"308174\" src=\"https:\/\/diariodominicano.com\/wp-content\/uploads\/2021\/11\/Victor-Rojas-Jacinto-Peynado-y-Samuel-Pereyra-1024x683.jpg\" srcset=\"https:\/\/diariodominicano.com\/wp-content\/uploads\/2021\/11\/Victor-Rojas-Jacinto-Peynado-y-Samuel-Pereyra-1024x683.jpg 1024w, https:\/\/diariodominicano.com\/wp-content\/uploads\/2021\/11\/Victor-Rojas-Jacinto-Peynado-y-Samuel-Pereyra-300x200.jpg 300w, https:\/\/diariodominicano.com\/wp-content\/uploads\/2021\/11\/Victor-Rojas-Jacinto-Peynado-y-Samuel-Pereyra-768x512.jpg 768w, https:\/\/diariodominicano.com\/wp-content\/uploads\/2021\/11\/Victor-Rojas-Jacinto-Peynado-y-Samuel-Pereyra-1536x1024.jpg 1536w, https:\/\/diariodominicano.com\/wp-content\/uploads\/2021\/11\/Victor-Rojas-Jacinto-Peynado-y-Samuel-Pereyra-2048x1365.jpg 2048w, https:\/\/diariodominicano.com\/wp-content\/uploads\/2021\/11\/Victor-Rojas-Jacinto-Peynado-y-Samuel-Pereyra-816x544.jpg 816w\" sizes=\"auto, (max-width: 1024px) 100vw, 1024px\" \/><figcaption class=\"wp-block-jetpack-slideshow_caption gallery-caption\">. El administrador general de Banreservas, Samuel Pereyra, saluda a C\u00e9sar Garc\u00eda y Carlos Jos\u00e9 Mart\u00ed. Le acompa\u00f1an, V\u00edctor Rojas, vicepresidente ejecutivo de Seguros Reservas; Ysidro Garc\u00eda, y el subad<\/figcaption><\/figure><\/li><li class=\"wp-block-jetpack-slideshow_slide swiper-slide\"><figure><img loading=\"lazy\" decoding=\"async\" width=\"1024\" height=\"681\" alt=\"\" class=\"wp-block-jetpack-slideshow_image wp-image-308173\" data-id=\"308173\" src=\"https:\/\/diariodominicano.com\/wp-content\/uploads\/2021\/11\/Samuel-Pereyra-conversa-con-Miguel-Barletta.-Le-acompanan-Ysidro-Garcia-y-Victor-Rojas-1024x681.jpg\" srcset=\"https:\/\/diariodominicano.com\/wp-content\/uploads\/2021\/11\/Samuel-Pereyra-conversa-con-Miguel-Barletta.-Le-acompanan-Ysidro-Garcia-y-Victor-Rojas-1024x681.jpg 1024w, https:\/\/diariodominicano.com\/wp-content\/uploads\/2021\/11\/Samuel-Pereyra-conversa-con-Miguel-Barletta.-Le-acompanan-Ysidro-Garcia-y-Victor-Rojas-300x200.jpg 300w, https:\/\/diariodominicano.com\/wp-content\/uploads\/2021\/11\/Samuel-Pereyra-conversa-con-Miguel-Barletta.-Le-acompanan-Ysidro-Garcia-y-Victor-Rojas-768x511.jpg 768w, https:\/\/diariodominicano.com\/wp-content\/uploads\/2021\/11\/Samuel-Pereyra-conversa-con-Miguel-Barletta.-Le-acompanan-Ysidro-Garcia-y-Victor-Rojas-1536x1022.jpg 1536w, https:\/\/diariodominicano.com\/wp-content\/uploads\/2021\/11\/Samuel-Pereyra-conversa-con-Miguel-Barletta.-Le-acompanan-Ysidro-Garcia-y-Victor-Rojas-2048x1363.jpg 2048w, https:\/\/diariodominicano.com\/wp-content\/uploads\/2021\/11\/Samuel-Pereyra-conversa-con-Miguel-Barletta.-Le-acompanan-Ysidro-Garcia-y-Victor-Rojas-816x543.jpg 816w\" sizes=\"auto, (max-width: 1024px) 100vw, 1024px\" \/><\/figure><\/li><li class=\"wp-block-jetpack-slideshow_slide swiper-slide\"><figure><img loading=\"lazy\" decoding=\"async\" width=\"1024\" height=\"681\" alt=\"\" class=\"wp-block-jetpack-slideshow_image wp-image-308172\" data-id=\"308172\" src=\"https:\/\/diariodominicano.com\/wp-content\/uploads\/2021\/11\/El-administrador-general-de-Banreservas-1024x681.jpg\" srcset=\"https:\/\/diariodominicano.com\/wp-content\/uploads\/2021\/11\/El-administrador-general-de-Banreservas-1024x681.jpg 1024w, https:\/\/diariodominicano.com\/wp-content\/uploads\/2021\/11\/El-administrador-general-de-Banreservas-300x200.jpg 300w, https:\/\/diariodominicano.com\/wp-content\/uploads\/2021\/11\/El-administrador-general-de-Banreservas-768x511.jpg 768w, https:\/\/diariodominicano.com\/wp-content\/uploads\/2021\/11\/El-administrador-general-de-Banreservas-1536x1022.jpg 1536w, https:\/\/diariodominicano.com\/wp-content\/uploads\/2021\/11\/El-administrador-general-de-Banreservas-2048x1363.jpg 2048w, https:\/\/diariodominicano.com\/wp-content\/uploads\/2021\/11\/El-administrador-general-de-Banreservas-816x543.jpg 816w\" sizes=\"auto, (max-width: 1024px) 100vw, 1024px\" \/><\/figure><\/li><li class=\"wp-block-jetpack-slideshow_slide swiper-slide\"><figure><img loading=\"lazy\" decoding=\"async\" width=\"1024\" height=\"683\" alt=\"\" class=\"wp-block-jetpack-slideshow_image wp-image-308171\" data-id=\"308171\" src=\"https:\/\/diariodominicano.com\/wp-content\/uploads\/2021\/11\/El-administrador-general-de-Banreservas-Samuel-Pereyra-saluda-a-Cesar-Garcia-y-Carlos-Jose-Marti.-Le-acompanan-Victor-Rojas-vicepresidente-ejecutivo-de-Seguros-Reservas-Ysidro-Garcia-y-el-subad-1024x683.jpg\" srcset=\"https:\/\/diariodominicano.com\/wp-content\/uploads\/2021\/11\/El-administrador-general-de-Banreservas-Samuel-Pereyra-saluda-a-Cesar-Garcia-y-Carlos-Jose-Marti.-Le-acompanan-Victor-Rojas-vicepresidente-ejecutivo-de-Seguros-Reservas-Ysidro-Garcia-y-el-subad-1024x683.jpg 1024w, https:\/\/diariodominicano.com\/wp-content\/uploads\/2021\/11\/El-administrador-general-de-Banreservas-Samuel-Pereyra-saluda-a-Cesar-Garcia-y-Carlos-Jose-Marti.-Le-acompanan-Victor-Rojas-vicepresidente-ejecutivo-de-Seguros-Reservas-Ysidro-Garcia-y-el-subad-300x200.jpg 300w, https:\/\/diariodominicano.com\/wp-content\/uploads\/2021\/11\/El-administrador-general-de-Banreservas-Samuel-Pereyra-saluda-a-Cesar-Garcia-y-Carlos-Jose-Marti.-Le-acompanan-Victor-Rojas-vicepresidente-ejecutivo-de-Seguros-Reservas-Ysidro-Garcia-y-el-subad-768x512.jpg 768w, https:\/\/diariodominicano.com\/wp-content\/uploads\/2021\/11\/El-administrador-general-de-Banreservas-Samuel-Pereyra-saluda-a-Cesar-Garcia-y-Carlos-Jose-Marti.-Le-acompanan-Victor-Rojas-vicepresidente-ejecutivo-de-Seguros-Reservas-Ysidro-Garcia-y-el-subad-1536x1024.jpg 1536w, https:\/\/diariodominicano.com\/wp-content\/uploads\/2021\/11\/El-administrador-general-de-Banreservas-Samuel-Pereyra-saluda-a-Cesar-Garcia-y-Carlos-Jose-Marti.-Le-acompanan-Victor-Rojas-vicepresidente-ejecutivo-de-Seguros-Reservas-Ysidro-Garcia-y-el-subad-2048x1365.jpg 2048w, https:\/\/diariodominicano.com\/wp-content\/uploads\/2021\/11\/El-administrador-general-de-Banreservas-Samuel-Pereyra-saluda-a-Cesar-Garcia-y-Carlos-Jose-Marti.-Le-acompanan-Victor-Rojas-vicepresidente-ejecutivo-de-Seguros-Reservas-Ysidro-Garcia-y-el-subad-816x544.jpg 816w\" sizes=\"auto, (max-width: 1024px) 100vw, 1024px\" \/><figcaption class=\"wp-block-jetpack-slideshow_caption gallery-caption\">El-administrador-general-de-Banreservas-scaled.jpg<\/figcaption><\/figure><\/li><\/ul><a class=\"wp-block-jetpack-slideshow_button-prev swiper-button-prev swiper-button-white\" role=\"button\"><\/a><a class=\"wp-block-jetpack-slideshow_button-next swiper-button-next swiper-button-white\" role=\"button\"><\/a><a aria-label=\"Pause Slideshow\" class=\"wp-block-jetpack-slideshow_button-pause\" role=\"button\"><\/a><div class=\"wp-block-jetpack-slideshow_pagination swiper-pagination swiper-pagination-white\"><\/div><\/div><\/div>\n\n\n\n<p>Dijo que a nivel nacional se han entregado cientos de unidades de diversos modelos de veh\u00edculos para uso familiar y comercial, mientras que oficiales de negocios del Banco contin\u00faan evaluando las solicitudes de financiamientos que llegan para aprobaci\u00f3n.<\/p>\n\n\n\n<p>Expom\u00f3vil Banreservas 2021 se celebra de manera simult\u00e1nea en las instalaciones de m\u00e1s de 250 dealers y concesionarios. Los tr\u00e1mites tambi\u00e9n pueden realizarse a trav\u00e9s de las m\u00e1s de 300 oficinas de Banreservas y una diversidad de canales dispuestos para esos fines.<\/p>\n\n\n\n<p><strong>Otros beneficios<\/strong><\/p>\n\n\n\n<p>Entre los principales atractivos de esta feria figuran tasas de 4.80% fija a seis meses para veh\u00edculos h\u00edbridos y el\u00e9ctricos; y de 5.80% a igual per\u00edodo para unidades tradicionales.<\/p>\n\n\n\n<p>Las dem\u00e1s tasas aprobadas para veh\u00edculos de uso personal (tradicionales) son de 7.25%, fija a 12 meses; 7.80% a 36 meses, y 8.80% a 60 meses, mientras que para veh\u00edculos h\u00edbridos y el\u00e9ctricos se fijaron: 5.80% a 12 meses; 7.80% a 36 meses; y 8.80%, a 60 meses.&nbsp;<\/p>\n\n\n\n<p>Los veh\u00edculos para uso comercial tienen tasas de 7.25% a seis meses; 7.80% a 12 meses; 8.80% a 36 meses; y 9.80% a 60 meses; y para veh\u00edculos usados, una tasa fija de 9.80% a 12 meses.<\/p>\n\n\n\n<p>Adicionalmente,<strong> m<\/strong>ediante Seguros Reservas, el Banco conceder\u00e1 a los adquirientes beneficios como asistencia vial gratuita de Rescate 365, servicio de movilidad, cobertura de vida y cobertura de segunda opini\u00f3n m\u00e9dica para el titular y plan de \u00faltimos gastos.<\/p>\n\n\n\n<p><strong>Testimonios<\/strong><\/p>\n\n\n\n<p>\u201cLas facilidades son estupendas. Muy atractivas las tasas. Me dieron todas las comodidades para poder adquirir el veh\u00edculo\u201d, expres\u00f3 Fausto Bastardo, al recibir en la Torre Banreservas un veh\u00edlo Tesla.<\/p>\n\n\n\n<p>\u201cEsta es la mejor tasa del mercado; no hay otra. Todo muy f\u00e1cil para uno poder adquirir el pr\u00e9stamo. Aprovechen la excelente tasa y beneficio de Expom\u00f3vil Banreservas 2021\u201d, dijo Oscar Eduardo V\u00e9lez, quien se llev\u00f3 una camioneta Hillux 2022.<\/p>\n\n\n\n<p>Bernarda Checo, en Santiago, fue otra cliente que aprovech\u00f3 estas facilidades: \u201cExcelente. Confi\u00e9 y cerr\u00e9 la transacci\u00f3n sin conocer la tasa oficial porque, en mi experiencia, Expom\u00f3vil siempre trae unas tasas muy buenas, que motivan a las personas a adquirir sus veh\u00edculos\u201d.<\/p>\n\n\n\n<p>Blady Beato, de Blady Beato Autom\u00f3viles, tambi\u00e9n expres\u00f3 su satisfacci\u00f3n por las condiciones ofertadas en esta Expom\u00f3vil 2021.<\/p>\n\n\n\n<p><strong>\u201cEl veh\u00edculo de mis sue\u00f1os\u201d<\/strong><\/p>\n\n\n\n<p>Henry Rodr\u00edguez, un empresario vegano que se dedica a la venta de veh\u00edculos pesados para la construcci\u00f3n y la agricultura, dijo que este a\u00f1o, gracias a la Expom\u00f3vil, pudo adquirir el veh\u00edculo de sus sue\u00f1os.<\/p>\n\n\n\n<p>\u201cSiempre he trabajado con el Banco de Reservas. En la feria del 2016 adquir\u00ed un veh\u00edculo y esper\u00e9 esta feria del 2021 para comprar esta camioneta Chevrolet Silverado, aqu\u00ed en Blady Beato\u201d, sostuvo Rodr\u00edguez, al resaltar la rapidez en la respuesta a su solicitud.<\/p>\n\n\n\n<p>De su lado, Alejandro Suriel, ingeniero civil residente en las Terrenas y quien se mont\u00f3 en una Chevrolet Colorado, sostuvo: \u2018\u2019He conseguido la mejor tasa y excelente seguridad de plazo. El trato de la oficial de negocios fue excelente, s\u00faper r\u00e1pida la respuesta y muy competente en su labor de cerrar el negocio\u2019\u2019.<\/p>\n\n\n\n<p>En Vega M\u00f3vil se encontraba la joven Mar\u00eda Fernanda Marte Cana\u00e1n, quien dijo sentirse feliz de recibir de manos del propio administrador de Banreservas, las llaves de su Toyota Raize.&nbsp;<\/p>\n\n\n\n<p>\u201cTen\u00edamos un tiempo por comprar el veh\u00edculo, pero preferimos esperar la feria del Banco de Reservas, porque est\u00e1bamos seguros que no iba a tener competencia en cuento a facilidades de plazo y la mejor tasa de inter\u00e9s\u201d, destac\u00f3.<\/p>\n\n\n\n<p>Este a\u00f1o, todas las gestiones se pueden realizar en l\u00ednea, a trav\u00e9s de los diferentes canales que el Banco de Reservas tiene disponibles.<\/p>\n\n\n\n<p>Los interesados pueden precalificarse a trav\u00e9s de WhatsApp al n\u00famero 809-960-2120 o completar el requerimiento accediendo a <a href=\"http:\/\/www.banreservas.com\/expomovil\">www.banreservas.com\/expomovil<\/a>, donde tambi\u00e9n tienen la opci\u00f3n chatear en l\u00ednea con un representante, ver el cat\u00e1logo de veh\u00edculos nuevos y usados, y calcular sus cuotas.<\/p>\n\n\n\n<p>Lissette Carolina Rojas Berroa<a target=\"_blank\" href=\"mailto:LCRojas@banreservas.com\" rel=\"noreferrer noopener\">LCRojas@banreservas.com<\/a><\/p>\n\n\n\n<p><strong><em>Direcci\u00f3n General de Relaciones P\u00fablicas. 13 de noviembre de 2021.<\/em><\/strong><\/p>\n","protected":false},"excerpt":{"rendered":"<p>El administrador general de Banreservas, Samuel Pereyra, realiz\u00f3 unrecorrido por diferentes dealers y concesionarios del Distrito Nacional ySanto Domingo Este, durante el segundo d\u00eda de Expom\u00f3vil 2021. Se prev\u00e9 que la feria supere el volumen de solicitudes de a\u00f1os anteriores Santo Domingo, RD, 13 de noviembre de 2021.- La feria automotriz que celebra el Banco [&hellip;]<\/p>\n","protected":false},"author":2,"featured_media":308171,"comment_status":"closed","ping_status":"","sticky":true,"template":"","format":"standard","meta":{"footnotes":""},"categories":[18,27],"tags":[],"class_list":["post-307972","post","type-post","status-publish","format-standard","has-post-thumbnail","hentry","category-economia","category-portada"],"_links":{"self":[{"href":"https:\/\/diariodominicano.com\/index.php?rest_route=\/wp\/v2\/posts\/307972","targetHints":{"allow":["GET"]}}],"collection":[{"href":"https:\/\/diariodominicano.com\/index.php?rest_route=\/wp\/v2\/posts"}],"about":[{"href":"https:\/\/diariodominicano.com\/index.php?rest_route=\/wp\/v2\/types\/post"}],"author":[{"embeddable":true,"href":"https:\/\/diariodominicano.com\/index.php?rest_route=\/wp\/v2\/users\/2"}],"replies":[{"embeddable":true,"href":"https:\/\/diariodominicano.com\/index.php?rest_route=%2Fwp%2Fv2%2Fcomments&post=307972"}],"version-history":[{"count":6,"href":"https:\/\/diariodominicano.com\/index.php?rest_route=\/wp\/v2\/posts\/307972\/revisions"}],"predecessor-version":[{"id":308181,"href":"https:\/\/diariodominicano.com\/index.php?rest_route=\/wp\/v2\/posts\/307972\/revisions\/308181"}],"wp:featuredmedia":[{"embeddable":true,"href":"https:\/\/diariodominicano.com\/index.php?rest_route=\/wp\/v2\/media\/308171"}],"wp:attachment":[{"href":"https:\/\/diariodominicano.com\/index.php?rest_route=%2Fwp%2Fv2%2Fmedia&parent=307972"}],"wp:term":[{"taxonomy":"category","embeddable":true,"href":"https:\/\/diariodominicano.com\/index.php?rest_route=%2Fwp%2Fv2%2Fcategories&post=307972"},{"taxonomy":"post_tag","embeddable":true,"href":"https:\/\/diariodominicano.com\/index.php?rest_route=%2Fwp%2Fv2%2Ftags&post=307972"}],"curies":[{"name":"wp","href":"https:\/\/api.w.org\/{rel}","templated":true}]}}