{"id":307970,"date":"2021-11-13T19:55:56","date_gmt":"2021-11-13T23:55:56","guid":{"rendered":"http:\/\/diariodominicano.com\/?p=307970"},"modified":"2021-11-13T19:55:56","modified_gmt":"2021-11-13T23:55:56","slug":"suspenden-visitas-en-centro-penitenciario-la-isleta-por-casos-positivos-de-covid-19","status":"publish","type":"post","link":"https:\/\/diariodominicano.com\/?p=307970","title":{"rendered":"Suspenden visitas en centro penitenciario La Isleta, por casos positivos de COVID-19"},"content":{"rendered":"\n<p><strong>Moca, ESPAILLAT.-<\/strong> La Direcci\u00f3n General de Servicios Penitenciarios inform\u00f3 que, debido a la detecci\u00f3n de 17 casos positivos a COVID-19, dispuso la suspensi\u00f3n de visitas al Centro de Correcci\u00f3n y Rehabilitaci\u00f3n La Isleta, en esta ciudad, adem\u00e1s de aislar siete m\u00f3dulos del recinto para evitar mayor propagaci\u00f3n.<\/p>\n\n\n\n<p>El organismo indic\u00f3 que, tras detectarse varios casos de privados de libertad con signos compatibles con el coronavirus, el pasado viernes 12 de noviembre realiz\u00f3 383 pruebas, de las cuales 17 dieron positivo.<\/p>\n\n\n\n<p>En consecuencia, quedan suspendidas las visitas tanto de familiares de los internos, como de abogados, hasta lograr cortar la cadena de contagios y recuperar al grupo afectado.<\/p>\n\n\n\n<p>La Direcci\u00f3n de Salud F\u00edsica inform\u00f3 que los 17 casos detectados corresponden a personas vacunadas con dos dosis y que los s\u00edntomas presentados son leves, detall\u00f3 la doctora Gaurys Sisa, de la Direcci\u00f3n de Salud F\u00edsica.<\/p>\n\n\n\n<p>Esta dependencia coordina las acciones para gestionar los protocolos de atenci\u00f3n y monitoreo con la Direcci\u00f3n Provincial de Salud, que de inmediato orden\u00f3 un cerco epidemiol\u00f3gico en el citado centro.<\/p>\n\n\n\n<p>Este cerco implica el aislamiento de los privados de libertad que est\u00e1n positivos, continuaci\u00f3n de aplicaci\u00f3n de pruebas a todo el personal y a los internos, desinfecci\u00f3n de las instalaciones, suspensi\u00f3n de todas las actividades internas y de visitas de cualquier \u00edndole.<\/p>\n\n\n\n<p>En virtud de esta disposici\u00f3n, la Direcci\u00f3n de Servicios Penitenciarios y Correccionales notific\u00f3 a jueces, fiscales y abogados para que tomen en cuenta el cierre de cara a sus funciones y tareas cotidianas.<\/p>\n\n\n\n<p>Durante el cerco, los privados de libertad podr\u00e1n comunicarse con sus familiares y abogados por video llamadas, las que deben coordinar con la Direcci\u00f3n del recinto.<\/p>\n\n\n\n<p>La doctora Gauris Sisa tambi\u00e9n inform\u00f3 que los primeros 17 casos detectados hace dos semanas en el recinto Cucama, en La Romana, ya est\u00e1n negativos, pero se han detectado 25 positivos m\u00e1s, por lo que se mantiene el confinamiento en ese centro.<\/p>\n\n\n\n<p>Todas las medidas llevadas a cabo en el Sistema Penitenciario responden a las directrices del Ministerio de Salud P\u00fablica para el manejo de la pandemia.<\/p>\n\n\n\n<p><strong>El 85% tiene dos dosis<\/strong><\/p>\n\n\n\n<p>Teniendo en cuenta que la poblaci\u00f3n general del sistema penitenciario es de aproximadamente 28 mil personas, incluida una poblaci\u00f3n flotante de privados de libertad provisionales o preventivos que entran y salen, el 85% de este conglomerado tiene aplicadas las dos dosis de la vacuna anticovid.<\/p>\n\n\n\n<p>En los recintos Modelo, que acogen aproximadamente a 10 mil personas, se ha completado en un 100% la aplicaci\u00f3n de primera y la segunda dosis, mientras se avanza en el refuerzo.<\/p>\n\n\n\n<p>Mientras que en los centros tradicionales ya el 96% tiene una vacuna, el 85% tiene dos y un 27% tiene aplicada la dosis de refuerzo. En el caso de La Victoria, penal en el que se aloja a un tercio de la poblaci\u00f3n penitenciaria, m\u00e1s del 90% tiene aplicada la primera dosis y 79% la segunda.<\/p>\n\n\n\n<p><strong>Direcci\u00f3n de Comunicaci\u00f3n y Prensa<\/strong><\/p>\n\n\n\n<p><strong>Procuradur\u00eda General-Ministerio P\u00fablico RD<\/strong><\/p>\n\n\n\n<p><strong>S\u00e1bado, 13 de noviembre de 2021.<\/strong><\/p>\n","protected":false},"excerpt":{"rendered":"<p>Moca, ESPAILLAT.- La Direcci\u00f3n General de Servicios Penitenciarios inform\u00f3 que, debido a la detecci\u00f3n de 17 casos positivos a COVID-19, dispuso la suspensi\u00f3n de visitas al Centro de Correcci\u00f3n y Rehabilitaci\u00f3n La Isleta, en esta ciudad, adem\u00e1s de aislar siete m\u00f3dulos del recinto para evitar mayor propagaci\u00f3n. El organismo indic\u00f3 que, tras detectarse varios casos [&hellip;]<\/p>\n","protected":false},"author":2,"featured_media":0,"comment_status":"closed","ping_status":"","sticky":true,"template":"","format":"standard","meta":{"footnotes":""},"categories":[24,27],"tags":[],"class_list":["post-307970","post","type-post","status-publish","format-standard","hentry","category-justicia-y-derecho","category-portada"],"_links":{"self":[{"href":"https:\/\/diariodominicano.com\/index.php?rest_route=\/wp\/v2\/posts\/307970","targetHints":{"allow":["GET"]}}],"collection":[{"href":"https:\/\/diariodominicano.com\/index.php?rest_route=\/wp\/v2\/posts"}],"about":[{"href":"https:\/\/diariodominicano.com\/index.php?rest_route=\/wp\/v2\/types\/post"}],"author":[{"embeddable":true,"href":"https:\/\/diariodominicano.com\/index.php?rest_route=\/wp\/v2\/users\/2"}],"replies":[{"embeddable":true,"href":"https:\/\/diariodominicano.com\/index.php?rest_route=%2Fwp%2Fv2%2Fcomments&post=307970"}],"version-history":[{"count":1,"href":"https:\/\/diariodominicano.com\/index.php?rest_route=\/wp\/v2\/posts\/307970\/revisions"}],"predecessor-version":[{"id":307971,"href":"https:\/\/diariodominicano.com\/index.php?rest_route=\/wp\/v2\/posts\/307970\/revisions\/307971"}],"wp:attachment":[{"href":"https:\/\/diariodominicano.com\/index.php?rest_route=%2Fwp%2Fv2%2Fmedia&parent=307970"}],"wp:term":[{"taxonomy":"category","embeddable":true,"href":"https:\/\/diariodominicano.com\/index.php?rest_route=%2Fwp%2Fv2%2Fcategories&post=307970"},{"taxonomy":"post_tag","embeddable":true,"href":"https:\/\/diariodominicano.com\/index.php?rest_route=%2Fwp%2Fv2%2Ftags&post=307970"}],"curies":[{"name":"wp","href":"https:\/\/api.w.org\/{rel}","templated":true}]}}