{"id":307955,"date":"2021-11-13T19:10:41","date_gmt":"2021-11-13T23:10:41","guid":{"rendered":"http:\/\/diariodominicano.com\/?p=307955"},"modified":"2021-11-13T19:13:29","modified_gmt":"2021-11-13T23:13:29","slug":"mayor-general-alberto-then-recibe-respaldo-de-sectores-empresarial-comercial-comunitario-y-deportivo-de-sfm","status":"publish","type":"post","link":"https:\/\/diariodominicano.com\/?p=307955","title":{"rendered":"Mayor general Alberto Then recibe respaldo de sectores empresarial, comercial, comunitario y deportivo de SFM"},"content":{"rendered":"\n<p><strong>Director policial juramenta Patronato de Apoyo a la Polic\u00eda Nacional.<\/strong><\/p>\n\n\n\n<p>El director general de la Polic\u00eda Nacional, mayor general Eduardo Alberto Then, sostuvo un encuentro con comerciantes, empresarios, ganaderos y l\u00edderes comunitarios del municipio San Francisco de Macor\u00eds, provincia Duarte, con quienes trat\u00f3 temas relativos a las distintas problem\u00e1ticas y las acciones que ser\u00e1n implementadas en busca de seguir fortaleciendo la seguridad ciudadana.<\/p>\n\n\n\n<p><strong>Durante el encuentro, celebrado en el Club de Mayoristas, fue juramentado el Patronato de Apoyo a la Polic\u00eda Nacional, cuyos integrantes se comprometieron a realizar los esfuerzos que sean necesarios para afianzar las acciones preventivas en la provincia y lograr estrechar las relaciones entre la ciudadan\u00eda y los agentes del orden.<\/strong><\/p>\n\n\n\n<p>En la reuni\u00f3n, coordinada por los se\u00f1ores Juan Mar\u00eda Garc\u00eda, titular de la C\u00e1mara de Comercio, y Geraldo de Jes\u00fas Medina Reyes, se acord\u00f3 que la directiva del Patronato ser\u00e1 elegida la pr\u00f3xima semana. El Patronato cumplir\u00e1 distintas funciones para que la seguridad ciudadana sea fortalecida y tambi\u00e9n proteger las propiedades de la instituci\u00f3n, incluyendo supervisar el buen uso de las unidades patrulleras.<\/p>\n\n\n\n<p><strong>Fuera la corrupci\u00f3n-<\/strong><\/p>\n\n\n\n<p>Al hablar en el acto, el mayor general Alberto Then garantiz\u00f3 que dentro de la instituci\u00f3n no habr\u00e1 equipos de terror que manchen a la instituci\u00f3n, tras reiterar que la reforma policial se ha iniciado.<\/p>\n\n\n\n<p>\u201cFuera la corrupci\u00f3n policial en todos los sentidos de la palabra. Ahora habr\u00e1 acercamiento de la Polic\u00eda Nacional con la comunidad\u201d, advirti\u00f3 el director general de la PN.<\/p>\n\n\n\n<p><strong>Reconciliaci\u00f3n con la sociedad-<\/strong><\/p>\n\n\n\n<p>Durante el acto, el mayor general Alberto Then dijo estar agradecido por el respaldo expresado por los diferentes sectores productivos y comunitarios de la provincia Duarte, tras comprometerse a trabajar para que haya un mayor acercamiento entre la comunidad y los agentes del orden.&nbsp;&nbsp;<\/p>\n\n\n\n<p>\u00abEs momento de reconciliar nuestra Polic\u00eda Nacional con toda la sociedad, pero en especial con la gente buena y trabajadora\u201d, indic\u00f3.<\/p>\n\n\n\n<p>Expres\u00f3 que ten\u00eda un gran inter\u00e9s para que San Francisco de Macor\u00eds sea un pueblo tranquilo. Agreg\u00f3 que el plan de seguridad que es implementado en la provincia ser\u00e1 fortalecido.<\/p>\n\n\n\n<p>Mientras que el se\u00f1or Iv\u00e1n Garc\u00eda, presidente de la Federaci\u00f3n Dominicana de Comerciantes, felicit\u00f3 el trabajo que viene realizando el mayor general Alberto Then.<\/p>\n\n\n\n<p>Agreg\u00f3 que los comerciantes de todo el pa\u00eds est\u00e1n comprometidos en respaldar la gesti\u00f3n del nuevo director de la Polic\u00eda Nacional.<\/p>\n\n\n\n<p><strong>Asistentes-<\/strong><\/p>\n\n\n\n<p>En la actividad de respaldo a la gesti\u00f3n del mayor general Alberto Then estuvieron presentes el senador provincial, Franklin Romero; el alcalde Siquio NG de la Rosa; Juan Mar\u00eda Garc\u00eda Then, presidente de la Asociaci\u00f3n de Comerciantes de San Francisco de Macor\u00eds y Jos\u00e9 L\u00f3pez.<\/p>\n\n\n\n<p>Tambi\u00e9n la procuradora fiscal Smaily Rodr\u00edguez, el reverendo Isaac Garc\u00eda, el diputado Nicol\u00e1s Hidalgo y Odilin Morel, presidenta de la Uni\u00f3n de Juntas de Vecinos, entre otras personalidades.<\/p>\n\n\n\n<p><strong>Prensa Polic\u00eda Nacional<\/strong>\u00a0<\/p>\n\n\n\n<p>&lt;prensadigitalpn@gmail.com><\/p>\n","protected":false},"excerpt":{"rendered":"<p>Director policial juramenta Patronato de Apoyo a la Polic\u00eda Nacional. El director general de la Polic\u00eda Nacional, mayor general Eduardo Alberto Then, sostuvo un encuentro con comerciantes, empresarios, ganaderos y l\u00edderes comunitarios del municipio San Francisco de Macor\u00eds, provincia Duarte, con quienes trat\u00f3 temas relativos a las distintas problem\u00e1ticas y las acciones que ser\u00e1n implementadas [&hellip;]<\/p>\n","protected":false},"author":2,"featured_media":307956,"comment_status":"closed","ping_status":"","sticky":true,"template":"","format":"standard","meta":{"footnotes":""},"categories":[20,27],"tags":[],"class_list":["post-307955","post","type-post","status-publish","format-standard","has-post-thumbnail","hentry","category-dominicana-hoy","category-portada"],"_links":{"self":[{"href":"https:\/\/diariodominicano.com\/index.php?rest_route=\/wp\/v2\/posts\/307955","targetHints":{"allow":["GET"]}}],"collection":[{"href":"https:\/\/diariodominicano.com\/index.php?rest_route=\/wp\/v2\/posts"}],"about":[{"href":"https:\/\/diariodominicano.com\/index.php?rest_route=\/wp\/v2\/types\/post"}],"author":[{"embeddable":true,"href":"https:\/\/diariodominicano.com\/index.php?rest_route=\/wp\/v2\/users\/2"}],"replies":[{"embeddable":true,"href":"https:\/\/diariodominicano.com\/index.php?rest_route=%2Fwp%2Fv2%2Fcomments&post=307955"}],"version-history":[{"count":3,"href":"https:\/\/diariodominicano.com\/index.php?rest_route=\/wp\/v2\/posts\/307955\/revisions"}],"predecessor-version":[{"id":307959,"href":"https:\/\/diariodominicano.com\/index.php?rest_route=\/wp\/v2\/posts\/307955\/revisions\/307959"}],"wp:featuredmedia":[{"embeddable":true,"href":"https:\/\/diariodominicano.com\/index.php?rest_route=\/wp\/v2\/media\/307956"}],"wp:attachment":[{"href":"https:\/\/diariodominicano.com\/index.php?rest_route=%2Fwp%2Fv2%2Fmedia&parent=307955"}],"wp:term":[{"taxonomy":"category","embeddable":true,"href":"https:\/\/diariodominicano.com\/index.php?rest_route=%2Fwp%2Fv2%2Fcategories&post=307955"},{"taxonomy":"post_tag","embeddable":true,"href":"https:\/\/diariodominicano.com\/index.php?rest_route=%2Fwp%2Fv2%2Ftags&post=307955"}],"curies":[{"name":"wp","href":"https:\/\/api.w.org\/{rel}","templated":true}]}}