{"id":307952,"date":"2021-11-13T19:02:14","date_gmt":"2021-11-13T23:02:14","guid":{"rendered":"http:\/\/diariodominicano.com\/?p=307952"},"modified":"2021-11-13T19:02:14","modified_gmt":"2021-11-13T23:02:14","slug":"hombre-es-apresado-cuando-intentaba-robar-camion-pequeno-de-un-dealer-en-santiago","status":"publish","type":"post","link":"https:\/\/diariodominicano.com\/?p=307952","title":{"rendered":"Hombre es apresado cuando intentaba robar cami\u00f3n peque\u00f1o de un dealer en Santiago"},"content":{"rendered":"\n<p><strong>Santiago De Los Caballeros. 13 de noviembre 2021.<\/strong> La Polic\u00eda Nacional, inform\u00f3 el s\u00e1bado apres\u00f3 a un hombre al que sorprendi\u00f3 en flagrante delito, cuando intent\u00f3 sustraer un cami\u00f3n (peque\u00f1o) de una agencia de Veh\u00edculos.<\/p>\n\n\n\n<p>El detenido fue identificado como Carlos David Dom\u00ednguez Tavarez (El Chipa), quien se present\u00f3 a una agencia de veh\u00edculos ubicada en la carretera Luper\u00f3n a la altura del Km. 3, del Sector Gurabo, de donde sustra\u00eda un cami\u00f3n peque\u00f1o marca Hijet, color blanco, sin placa.<\/p>\n\n\n\n<p> Carlos David Dom\u00ednguez Tavarez  (El Chipa),   fue apresado cuando iba saliendo del dealer en el veh\u00edculo.<\/p>\n\n\n\n<p>El apresado se encuentra bajo el control del Ministerio P\u00fablico para los fines correspondientes.<\/p>\n\n\n\n<p>SUBDIRECCI\u00d3N DE COMUNICACIONES ESTRAT\u00c9GICAS<\/p>\n\n\n\n<p>DIRECCI\u00d3N REGIONAL CIBAO CENTRAL, P.N.&#8211;<\/p>\n","protected":false},"excerpt":{"rendered":"<p>Santiago De Los Caballeros. 13 de noviembre 2021. La Polic\u00eda Nacional, inform\u00f3 el s\u00e1bado apres\u00f3 a un hombre al que sorprendi\u00f3 en flagrante delito, cuando intent\u00f3 sustraer un cami\u00f3n (peque\u00f1o) de una agencia de Veh\u00edculos. El detenido fue identificado como Carlos David Dom\u00ednguez Tavarez (El Chipa), quien se present\u00f3 a una agencia de veh\u00edculos ubicada [&hellip;]<\/p>\n","protected":false},"author":2,"featured_media":0,"comment_status":"closed","ping_status":"","sticky":true,"template":"","format":"standard","meta":{"footnotes":""},"categories":[24,27],"tags":[],"class_list":["post-307952","post","type-post","status-publish","format-standard","hentry","category-justicia-y-derecho","category-portada"],"_links":{"self":[{"href":"https:\/\/diariodominicano.com\/index.php?rest_route=\/wp\/v2\/posts\/307952","targetHints":{"allow":["GET"]}}],"collection":[{"href":"https:\/\/diariodominicano.com\/index.php?rest_route=\/wp\/v2\/posts"}],"about":[{"href":"https:\/\/diariodominicano.com\/index.php?rest_route=\/wp\/v2\/types\/post"}],"author":[{"embeddable":true,"href":"https:\/\/diariodominicano.com\/index.php?rest_route=\/wp\/v2\/users\/2"}],"replies":[{"embeddable":true,"href":"https:\/\/diariodominicano.com\/index.php?rest_route=%2Fwp%2Fv2%2Fcomments&post=307952"}],"version-history":[{"count":2,"href":"https:\/\/diariodominicano.com\/index.php?rest_route=\/wp\/v2\/posts\/307952\/revisions"}],"predecessor-version":[{"id":307954,"href":"https:\/\/diariodominicano.com\/index.php?rest_route=\/wp\/v2\/posts\/307952\/revisions\/307954"}],"wp:attachment":[{"href":"https:\/\/diariodominicano.com\/index.php?rest_route=%2Fwp%2Fv2%2Fmedia&parent=307952"}],"wp:term":[{"taxonomy":"category","embeddable":true,"href":"https:\/\/diariodominicano.com\/index.php?rest_route=%2Fwp%2Fv2%2Fcategories&post=307952"},{"taxonomy":"post_tag","embeddable":true,"href":"https:\/\/diariodominicano.com\/index.php?rest_route=%2Fwp%2Fv2%2Ftags&post=307952"}],"curies":[{"name":"wp","href":"https:\/\/api.w.org\/{rel}","templated":true}]}}