{"id":307949,"date":"2021-11-13T18:57:13","date_gmt":"2021-11-13T22:57:13","guid":{"rendered":"http:\/\/diariodominicano.com\/?p=307949"},"modified":"2021-11-13T18:57:13","modified_gmt":"2021-11-13T22:57:13","slug":"policia-nacional-reporta-apresa-reconocido-antisocial-a-raulito-por-cuatro-robos-en-el-sector-mari-lopez-de-santiago","status":"publish","type":"post","link":"https:\/\/diariodominicano.com\/?p=307949","title":{"rendered":"Polic\u00eda Nacional reporta apresa reconocido antisocial a \u201cRaulito\u00bb, por cuatro robos en el sector Mari L\u00f3pez, de Santiago"},"content":{"rendered":"\n<p><br><strong><br>Santiago De Los Caballeros. 13 de noviembre 2021. <\/strong>Fue detenido por la Polic\u00eda Nacional, un hombre que hab\u00eda cometido varios robos en el sector de Mari L\u00f3pez, en  ciudad de Santiago.<\/p>\n\n\n\n<p><strong>Se trata del nombrado Domingo Antonio Miranda Ramos (Raulito), quien fue apresado mientras caminaba por la Avenida Hispanoamericana de esta ciudad, con una lavadora que hab\u00eda sustra\u00eddo en perjuicio del se\u00f1or Rafael Garc\u00eda Cepeda.<\/strong><\/p>\n\n\n\n<p>Al ser cuestionado, admiti\u00f3 el hecho, pero adem\u00e1s se\u00f1al\u00f3 que hab\u00eda sustra\u00eddo un cilindro de gas y una silla pl\u00e1stica, en otra residencia y que posteriormente vendi\u00f3 por la suma de RD$1,000.00 pesos, al nacional haitiano Yordani Joseps, inform\u00f3 la  PN en un comunicado de prensa .<\/p>\n\n\n\n<p>Por esos casos fue apresado Yordani Joseps, quien hizo entrega voluntaria de los objetos sustra\u00eddos, comprados a Raulito.<\/p>\n\n\n\n<p> Raulito, tambi\u00e9n manifest\u00f3 haber sustra\u00eddo una pulidora marca Makita de color gris, un cepillo el\u00e9ctrico marca RYOBI, color verde, una sierra el\u00e9ctrica marca RYOBI, color azul, de un taller de ebanister\u00eda, ubicado en la Calle Mam\u00e1 Tingo del Sector Zamarrilla de esta ciudad, propiedad del se\u00f1or Edward Alexander Torres Batista.<\/p>\n\n\n\n<p>Los detenidos y lo ocupado se encuentran bajo el control del Ministerio P\u00fablico para los fines legales correspondientes.<\/p>\n\n\n\n<p>SUBDIRECCI\u00d3N DE COMUNICACIONES ESTRAT\u00c9GICAS<br>DIRECCI\u00d3N REGIONAL CIBAO CENTRAL, P.N.<\/p>\n","protected":false},"excerpt":{"rendered":"<p>Santiago De Los Caballeros. 13 de noviembre 2021. Fue detenido por la Polic\u00eda Nacional, un hombre que hab\u00eda cometido varios robos en el sector de Mari L\u00f3pez, en ciudad de Santiago. Se trata del nombrado Domingo Antonio Miranda Ramos (Raulito), quien fue apresado mientras caminaba por la Avenida Hispanoamericana de esta ciudad, con una lavadora [&hellip;]<\/p>\n","protected":false},"author":2,"featured_media":307950,"comment_status":"closed","ping_status":"","sticky":true,"template":"","format":"standard","meta":{"footnotes":""},"categories":[24,27],"tags":[],"class_list":["post-307949","post","type-post","status-publish","format-standard","has-post-thumbnail","hentry","category-justicia-y-derecho","category-portada"],"_links":{"self":[{"href":"https:\/\/diariodominicano.com\/index.php?rest_route=\/wp\/v2\/posts\/307949","targetHints":{"allow":["GET"]}}],"collection":[{"href":"https:\/\/diariodominicano.com\/index.php?rest_route=\/wp\/v2\/posts"}],"about":[{"href":"https:\/\/diariodominicano.com\/index.php?rest_route=\/wp\/v2\/types\/post"}],"author":[{"embeddable":true,"href":"https:\/\/diariodominicano.com\/index.php?rest_route=\/wp\/v2\/users\/2"}],"replies":[{"embeddable":true,"href":"https:\/\/diariodominicano.com\/index.php?rest_route=%2Fwp%2Fv2%2Fcomments&post=307949"}],"version-history":[{"count":1,"href":"https:\/\/diariodominicano.com\/index.php?rest_route=\/wp\/v2\/posts\/307949\/revisions"}],"predecessor-version":[{"id":307951,"href":"https:\/\/diariodominicano.com\/index.php?rest_route=\/wp\/v2\/posts\/307949\/revisions\/307951"}],"wp:featuredmedia":[{"embeddable":true,"href":"https:\/\/diariodominicano.com\/index.php?rest_route=\/wp\/v2\/media\/307950"}],"wp:attachment":[{"href":"https:\/\/diariodominicano.com\/index.php?rest_route=%2Fwp%2Fv2%2Fmedia&parent=307949"}],"wp:term":[{"taxonomy":"category","embeddable":true,"href":"https:\/\/diariodominicano.com\/index.php?rest_route=%2Fwp%2Fv2%2Fcategories&post=307949"},{"taxonomy":"post_tag","embeddable":true,"href":"https:\/\/diariodominicano.com\/index.php?rest_route=%2Fwp%2Fv2%2Ftags&post=307949"}],"curies":[{"name":"wp","href":"https:\/\/api.w.org\/{rel}","templated":true}]}}