{"id":307944,"date":"2021-11-13T18:42:01","date_gmt":"2021-11-13T22:42:01","guid":{"rendered":"http:\/\/diariodominicano.com\/?p=307944"},"modified":"2021-11-13T18:42:01","modified_gmt":"2021-11-13T22:42:01","slug":"en-la-vega-pn-ejecuta-tres-ordenes-de-arresto-apresa-igual-numero-de-personas-por-los-casos","status":"publish","type":"post","link":"https:\/\/diariodominicano.com\/?p=307944","title":{"rendered":"En la Vega, PN, ejecuta tres \u00f3rdenes de arresto, apresa igual n\u00famero de personas por los casos"},"content":{"rendered":"\n<p><strong>Santiago de los caballeros. 13 de noviembre 2<\/strong>021.\u00a0 La Polic\u00eda Nacional  inform\u00f3 el s\u00e1bado ejecut\u00f3 3 \u00f3rdenes de arresto en La Vega y apres\u00f3 igual n\u00famero de personas por dichos casos.<\/p>\n\n\n\n<p><strong>Los detenidos fueron identificados como Miguel Nicanor Regalado Tapia, Luis Mar\u00eda Rojas y Jefre Manuel Brito L\u00f3pez, el primero mediante orden de arresto No. 595-2021-SAUT-01926, como presunto autor de ocasionarle golpes y heridas a la se\u00f1ora Ana Carolina Ram\u00edrez.<\/strong><\/p>\n\n\n\n<p>Mientras que Luis Mar\u00eda Rojas, fue detenido mediante orden de arresto n\u00famero 2851-2020, como presunto autor de violencia de g\u00e9nero en perjuicio de Mar\u00eda Carmela De Jesus Contreras.<\/p>\n\n\n\n<p>Finalmente, Brito L\u00f3pez, fue capturado, mediante orden judicial No. 595-2021-SAUT-02291, por presuntamente estafar a Enmanuel De Jes\u00fas Mart\u00ednez Luciano, ya que en fecha 23-10-2021, rent\u00f3 un veh\u00edculo y de ah\u00ed en adelante se hab\u00eda desaparecido, hasta que fue apresado en fecha 12 de noviembre del presente a\u00f1o.<\/p>\n\n\n\n<p>Los detenidos quedaron bajo el control del Ministerio P\u00fablico para los fines legales correspondientes.<\/p>\n\n\n\n<p>Polic\u00eda Nacional Cibao Central<a target=\"_blank\" href=\"mailto:relacionespublicascibao@gmail.com\" rel=\"noreferrer noopener\">relacionespublicascibao@gmail.com<\/a><\/p>\n\n\n\n<p>SUBDIRECCI\u00d3N DE COMUNICACIONES ESTRAT\u00c9GICAS<\/p>\n\n\n\n<p>DIRECCI\u00d3N REGIONAL CIBAO CENTRAL, P.N.&#8211;<\/p>\n","protected":false},"excerpt":{"rendered":"<p>Santiago de los caballeros. 13 de noviembre 2021.\u00a0 La Polic\u00eda Nacional inform\u00f3 el s\u00e1bado ejecut\u00f3 3 \u00f3rdenes de arresto en La Vega y apres\u00f3 igual n\u00famero de personas por dichos casos. Los detenidos fueron identificados como Miguel Nicanor Regalado Tapia, Luis Mar\u00eda Rojas y Jefre Manuel Brito L\u00f3pez, el primero mediante orden de arresto No. [&hellip;]<\/p>\n","protected":false},"author":2,"featured_media":307945,"comment_status":"closed","ping_status":"","sticky":true,"template":"","format":"standard","meta":{"footnotes":""},"categories":[24,27],"tags":[],"class_list":["post-307944","post","type-post","status-publish","format-standard","has-post-thumbnail","hentry","category-justicia-y-derecho","category-portada"],"_links":{"self":[{"href":"https:\/\/diariodominicano.com\/index.php?rest_route=\/wp\/v2\/posts\/307944","targetHints":{"allow":["GET"]}}],"collection":[{"href":"https:\/\/diariodominicano.com\/index.php?rest_route=\/wp\/v2\/posts"}],"about":[{"href":"https:\/\/diariodominicano.com\/index.php?rest_route=\/wp\/v2\/types\/post"}],"author":[{"embeddable":true,"href":"https:\/\/diariodominicano.com\/index.php?rest_route=\/wp\/v2\/users\/2"}],"replies":[{"embeddable":true,"href":"https:\/\/diariodominicano.com\/index.php?rest_route=%2Fwp%2Fv2%2Fcomments&post=307944"}],"version-history":[{"count":1,"href":"https:\/\/diariodominicano.com\/index.php?rest_route=\/wp\/v2\/posts\/307944\/revisions"}],"predecessor-version":[{"id":307946,"href":"https:\/\/diariodominicano.com\/index.php?rest_route=\/wp\/v2\/posts\/307944\/revisions\/307946"}],"wp:featuredmedia":[{"embeddable":true,"href":"https:\/\/diariodominicano.com\/index.php?rest_route=\/wp\/v2\/media\/307945"}],"wp:attachment":[{"href":"https:\/\/diariodominicano.com\/index.php?rest_route=%2Fwp%2Fv2%2Fmedia&parent=307944"}],"wp:term":[{"taxonomy":"category","embeddable":true,"href":"https:\/\/diariodominicano.com\/index.php?rest_route=%2Fwp%2Fv2%2Fcategories&post=307944"},{"taxonomy":"post_tag","embeddable":true,"href":"https:\/\/diariodominicano.com\/index.php?rest_route=%2Fwp%2Fv2%2Ftags&post=307944"}],"curies":[{"name":"wp","href":"https:\/\/api.w.org\/{rel}","templated":true}]}}