{"id":307939,"date":"2021-11-13T18:29:36","date_gmt":"2021-11-13T22:29:36","guid":{"rendered":"http:\/\/diariodominicano.com\/?p=307939"},"modified":"2021-11-13T18:29:36","modified_gmt":"2021-11-13T22:29:36","slug":"narciso-isa-conde-brutal-represion-en-licey-y-comunidades-cercanas","status":"publish","type":"post","link":"https:\/\/diariodominicano.com\/?p=307939","title":{"rendered":"Narciso Isa Conde: Brutal represi\u00f3n en Licey y comunidades cercanas"},"content":{"rendered":"\n<figure class=\"wp-block-image\"><img decoding=\"async\" src=\"https:\/\/mail.google.com\/mail\/u\/1?ui=2&amp;ik=e6c115171d&amp;attid=0.0.1&amp;permmsgid=msg-f:1716331734553088721&amp;th=17d1a29e7ac452d1&amp;view=fimg&amp;fur=ip&amp;sz=s0-l75-ft&amp;attbid=ANGjdJ_o68gU0B_5qQQmugzUHZoLog3FXtW47qquvZKp7lqYlazhv-lJkVKEwQI7e-m35xqmaLw0UeewIzp6-LUStmZPdybc33k7yt0ZiukQb-LJVdpm_7tbPP2WwEc&amp;disp=emb&amp;realattid=ii_kvy0nsf80\" alt=\"image.png\"\/><\/figure>\n\n\n\n<p>La verdad es que lo ocurrido en el Municipio de&nbsp;<strong>Licey al Medio de Moca<\/strong>, especialmente en San V\u00edctor, La Reina y Las palomas el pasado viernes 11 de noviembre, &nbsp;es para indignar&nbsp; a los\/as que &nbsp;la sufrieron y a quienes nos enteramos de lo acontecido ese d\u00eda: una de las represiones m\u00e1s brutales de los \u00faltimos tiempos.<\/p>\n\n\n\n<p>Bombas lacrim\u00f3genas, armas de guerras, &nbsp;disparos, &nbsp;ametralladora de gran calibre, allanamientos en la mayor\u00eda de las viviendas, atropellos, numerosos heridos y m\u00e1s de 100 arrestados.<\/p>\n\n\n\n<p>\u00a1Terror policial bajo la nueva jefatura del general Alejandro THEN.<\/p>\n\n\n\n<p>Todo por un paro de actividades demandando la construcci\u00f3n de la carretera de Los Rieles demandada desde hace 31 a\u00f1os, camino vecinales, iluminaci\u00f3n, hospital municipal, protecci\u00f3n ambiental, construcci\u00f3n de puentes, acueducto, sistema cloacal, asfaltado, terminaci\u00f3n de escuela y &nbsp;cancha deportiva.<\/p>\n\n\n\n<p>Estos problemas fueron&nbsp; comunicados al Presidente Abinader el 2 de noviembre, solicitando respetuosamente la presencia de autoridades nacionales&nbsp; para palpar lo que acontece en esas comunidades y entender el estado de desesperaci\u00f3n de la poblaci\u00f3n y la indignaci\u00f3n&nbsp; que la embarga, luego de tantos incumplimientos.&nbsp;<\/p>\n\n\n\n<p>La carta fue firmada por el&nbsp;<strong>Comit\u00e9 de lucha de San V\u00edctor, el&nbsp; Frente de Lucha popular (FLUP), el Frente amplio de Lucha Juvenil (FALJUD), la Junta de Vecinos de Los Rieles y el Frente de Lucha de Las Palomas<\/strong>, quienes ante la indiferencia presidencial convocaron el paro, recibiendo un&nbsp;&nbsp; respaldo total.<\/p>\n\n\n\n<p>La respuesta fue intentar disolver la protesta a base de terror y al no lograrlo, las autoridades civiles se vieron forzadas a negociar comprometi\u00e9ndose a solucionar los reclamos en plazos preestablecidos.<\/p>\n\n\n\n<p>De toda manera cunde la desconfianza y la indignaci\u00f3n.<\/p>\n\n\n\n<p>Este hecho represivo indica -sobre toda por las armas empleadas y el terror desplegado- que la l\u00ednea de&nbsp;<strong>\u201cmano dura, ley, orden y macana<\/strong>\u201d, de corte neofascista, copiada de Colombia, EU, Chile y Honduras, se est\u00e1 aplicando con una intensidad mayor que en tiempos pasados; lo que muestra lo funesto que puede resultar una supuesta \u201creforma policial\u201d bajo asesor\u00eda de la USAID y de las criminales polic\u00edas colombiana, chilena y hondure\u00f1a: anunciada por el Presidente Abinader y el Ministro del Interior y Polic\u00eda, Ch\u00fa Vasquez, y alabada por la llamada \u201cPrimera Dama\u201d.<\/p>\n\n\n\n<p>Se confirma tambi\u00e9n que el nuevo jefe o director de la PN, de larga&nbsp; y cruel trayectoria represiva en la Regi\u00f3n Norte, es una designaci\u00f3n a la medida del Terror de Estado previsto para contrarrestar el descontento que se acumula en esta sociedad; dada la farsa que representa un supuesto cambio que ha optado por darle m\u00e1s poder a los multimillonarios y mayor posibilidad de intervenci\u00f3n de EE.UU en los asuntos policiales y militares en su fase de decadencia agresiva y de imposici\u00f3n de un neoliberalismo m\u00e1s endurecido.<\/p>\n\n\n\n<p>Ante esta perspectiva, procede la mayor firmeza posible de los movimientos sociales en lucha, junto a la necesidad de una determinaci\u00f3n pol\u00edtica del conjunto de fuerzas transformadoras de impulsar un Proceso Constituyente que ponga fin a la negaci\u00f3n de los derechos&nbsp; y del poder de decisi\u00f3n de nuestro pueblo, hist\u00f3ricamente abusado por&nbsp; una partidocracia, un generalato y una elite &nbsp;capitalista voraces e insensibles.<\/p>\n\n\n\n<p>&nbsp;&nbsp;&nbsp;&nbsp;&nbsp;&nbsp;&nbsp;&nbsp;&nbsp;&nbsp;&nbsp;&nbsp;&nbsp;&nbsp;&nbsp;&nbsp;&nbsp;&nbsp;&nbsp;&nbsp;&nbsp;&nbsp;&nbsp;&nbsp;&nbsp;&nbsp;&nbsp;<strong>Por la Coordinaci\u00f3n Central del Movimiento Caama\u00f1ista-MC:<\/strong><\/p>\n\n\n\n<p>&nbsp;&nbsp;&nbsp;&nbsp;&nbsp;&nbsp;&nbsp;&nbsp;&nbsp;&nbsp;&nbsp;&nbsp;&nbsp;&nbsp;&nbsp;&nbsp;&nbsp;&nbsp;&nbsp;&nbsp;&nbsp;&nbsp;&nbsp;&nbsp;&nbsp;&nbsp;&nbsp;&nbsp;&nbsp;&nbsp;&nbsp;&nbsp;&nbsp;&nbsp;&nbsp;&nbsp;&nbsp;&nbsp;&nbsp;&nbsp;&nbsp;&nbsp;&nbsp;&nbsp;&nbsp;&nbsp;&nbsp;&nbsp;&nbsp;&nbsp;&nbsp;&nbsp;&nbsp;&nbsp;&nbsp;&nbsp;&nbsp;&nbsp;&nbsp;&nbsp;&nbsp;&nbsp;&nbsp;&nbsp;&nbsp;&nbsp;&nbsp;&nbsp;<strong>Narciso Isa Conde<\/strong><\/p>\n","protected":false},"excerpt":{"rendered":"<p>La verdad es que lo ocurrido en el Municipio de&nbsp;Licey al Medio de Moca, especialmente en San V\u00edctor, La Reina y Las palomas el pasado viernes 11 de noviembre, &nbsp;es para indignar&nbsp; a los\/as que &nbsp;la sufrieron y a quienes nos enteramos de lo acontecido ese d\u00eda: una de las represiones m\u00e1s brutales de los [&hellip;]<\/p>\n","protected":false},"author":2,"featured_media":0,"comment_status":"closed","ping_status":"","sticky":true,"template":"","format":"standard","meta":{"footnotes":""},"categories":[22,27],"tags":[],"class_list":["post-307939","post","type-post","status-publish","format-standard","hentry","category-politica","category-portada"],"_links":{"self":[{"href":"https:\/\/diariodominicano.com\/index.php?rest_route=\/wp\/v2\/posts\/307939","targetHints":{"allow":["GET"]}}],"collection":[{"href":"https:\/\/diariodominicano.com\/index.php?rest_route=\/wp\/v2\/posts"}],"about":[{"href":"https:\/\/diariodominicano.com\/index.php?rest_route=\/wp\/v2\/types\/post"}],"author":[{"embeddable":true,"href":"https:\/\/diariodominicano.com\/index.php?rest_route=\/wp\/v2\/users\/2"}],"replies":[{"embeddable":true,"href":"https:\/\/diariodominicano.com\/index.php?rest_route=%2Fwp%2Fv2%2Fcomments&post=307939"}],"version-history":[{"count":1,"href":"https:\/\/diariodominicano.com\/index.php?rest_route=\/wp\/v2\/posts\/307939\/revisions"}],"predecessor-version":[{"id":307940,"href":"https:\/\/diariodominicano.com\/index.php?rest_route=\/wp\/v2\/posts\/307939\/revisions\/307940"}],"wp:attachment":[{"href":"https:\/\/diariodominicano.com\/index.php?rest_route=%2Fwp%2Fv2%2Fmedia&parent=307939"}],"wp:term":[{"taxonomy":"category","embeddable":true,"href":"https:\/\/diariodominicano.com\/index.php?rest_route=%2Fwp%2Fv2%2Fcategories&post=307939"},{"taxonomy":"post_tag","embeddable":true,"href":"https:\/\/diariodominicano.com\/index.php?rest_route=%2Fwp%2Fv2%2Ftags&post=307939"}],"curies":[{"name":"wp","href":"https:\/\/api.w.org\/{rel}","templated":true}]}}