{"id":307935,"date":"2021-11-13T18:20:41","date_gmt":"2021-11-13T22:20:41","guid":{"rendered":"http:\/\/diariodominicano.com\/?p=307935"},"modified":"2021-11-13T18:21:27","modified_gmt":"2021-11-13T22:21:27","slug":"fallece-juan-de-los-santos-charli-del-equipo-de-seguridad-del-partido-de-la-liberacion-dominicana","status":"publish","type":"post","link":"https:\/\/diariodominicano.com\/?p=307935","title":{"rendered":"Fallece Juan de los Santos (Charli) del equipo de seguridad del Partido de la Liberaci\u00f3n Dominicana"},"content":{"rendered":"\n<p><strong>Santo Domingo, RD, 13 de noviembre<\/strong> de 2021.-  El Partido de la Liberaci\u00f3n Dominicana (PLD) con pesar confirm\u00f3 el fallecimiento,\u00a0\u00a0la tarde de este s\u00e1bado,\u00a0\u00a0de Juan de los Santos, mejor conocido como Charli, un reconocido militante de esa organizaci\u00f3n desde sus inicios.<\/p>\n\n\n\n<p>De los Santos fue v\u00edctima de una enfermedad hep\u00e1tica de la cual era tratado y que en los \u00faltimos d\u00edas se agrav\u00f3, lo que motiv\u00f3 su internamiento en\u00a0\u00a0centros especializados de la Plaza de la Salud,\u00a0\u00a0en donde falleci\u00f3, inform\u00f3 la Secretar\u00eda de Comunicaciones del PLD.<\/p>\n\n\n\n<p>Destac\u00f3 que desde muy joven form\u00f3 parte del equipo de seguridad del Partido de la Liberaci\u00f3n Dominicana y de la Seguridad personal del Profesor Juan Bosch. Al fallecer era el\u00a0\u00a0coordinador del equipo\u00a0\u00a0de Seguridad de la Casa Nacional, donde siempre mostr\u00f3 entrega, profesionalidad\u00a0\u00a0compromiso y lealtad.<\/p>\n\n\n\n<p>Cumpliendo esa responsabilidad recibi\u00f3 entrenamiento militar y en los detalles de seguridad,&nbsp;&nbsp;&nbsp;protecci\u00f3n y manejo&nbsp;&nbsp;defensivo, \u00e1reas en la que acumul\u00f3 una gran experiencia.<\/p>\n\n\n\n<p>Sus familiares, encabezado por Maura, su esposa, del equipo operativo de la Secretaria de Organizaci\u00f3n,\u00a0\u00a0\u00a0y la Secretar\u00eda de Seguridad y Actos del PLD confirmaron que su cuerpo se expondr\u00e1 a partir de las 10 de la ma\u00f1ana en las capillas de la\u00a0\u00a0funeraria del Cementerio Jard\u00edn Memorial, ubicado en Santo Domingo Norte en cuyo campo santo ser\u00e1 sepultado a\u00a0\u00a0partir de las 4.00  de la tarde del domingo.<\/p>\n\n\n\n<p>Al darse a conocer la noticia,&nbsp;&nbsp;los mensajes en redes y mensajer\u00eda de los miembros y dirigentes del PLD abundan resaltando sus cualidades de firme militante y persona de vocaci\u00f3n de servicio.<\/p>\n\n\n\n<p>De los Santos compart\u00eda sus responsabilidades en el PLD con la de empleado de la Universidad Aut\u00f3noma de Santo Domingo,<\/p>\n\n\n\n<p>Que en paz descanse, Juan de los Santos (Charli), expres\u00f3 el PLD en la nota informativa enviada a Diariodominicano.com<\/p>\n\n\n\n<p><\/p>\n\n\n\n<p><strong>SECRETARIA COMUNICACIONES<\/strong><\/p>\n\n\n\n<p><strong>13 NOVIEMBRE 2021<\/strong><\/p>\n","protected":false},"excerpt":{"rendered":"<p>Santo Domingo, RD, 13 de noviembre de 2021.- El Partido de la Liberaci\u00f3n Dominicana (PLD) con pesar confirm\u00f3 el fallecimiento,\u00a0\u00a0la tarde de este s\u00e1bado,\u00a0\u00a0de Juan de los Santos, mejor conocido como Charli, un reconocido militante de esa organizaci\u00f3n desde sus inicios. De los Santos fue v\u00edctima de una enfermedad hep\u00e1tica de la cual era tratado [&hellip;]<\/p>\n","protected":false},"author":2,"featured_media":307936,"comment_status":"closed","ping_status":"","sticky":true,"template":"","format":"standard","meta":{"footnotes":""},"categories":[25,27],"tags":[],"class_list":["post-307935","post","type-post","status-publish","format-standard","has-post-thumbnail","hentry","category-gente","category-portada"],"_links":{"self":[{"href":"https:\/\/diariodominicano.com\/index.php?rest_route=\/wp\/v2\/posts\/307935","targetHints":{"allow":["GET"]}}],"collection":[{"href":"https:\/\/diariodominicano.com\/index.php?rest_route=\/wp\/v2\/posts"}],"about":[{"href":"https:\/\/diariodominicano.com\/index.php?rest_route=\/wp\/v2\/types\/post"}],"author":[{"embeddable":true,"href":"https:\/\/diariodominicano.com\/index.php?rest_route=\/wp\/v2\/users\/2"}],"replies":[{"embeddable":true,"href":"https:\/\/diariodominicano.com\/index.php?rest_route=%2Fwp%2Fv2%2Fcomments&post=307935"}],"version-history":[{"count":2,"href":"https:\/\/diariodominicano.com\/index.php?rest_route=\/wp\/v2\/posts\/307935\/revisions"}],"predecessor-version":[{"id":307938,"href":"https:\/\/diariodominicano.com\/index.php?rest_route=\/wp\/v2\/posts\/307935\/revisions\/307938"}],"wp:featuredmedia":[{"embeddable":true,"href":"https:\/\/diariodominicano.com\/index.php?rest_route=\/wp\/v2\/media\/307936"}],"wp:attachment":[{"href":"https:\/\/diariodominicano.com\/index.php?rest_route=%2Fwp%2Fv2%2Fmedia&parent=307935"}],"wp:term":[{"taxonomy":"category","embeddable":true,"href":"https:\/\/diariodominicano.com\/index.php?rest_route=%2Fwp%2Fv2%2Fcategories&post=307935"},{"taxonomy":"post_tag","embeddable":true,"href":"https:\/\/diariodominicano.com\/index.php?rest_route=%2Fwp%2Fv2%2Ftags&post=307935"}],"curies":[{"name":"wp","href":"https:\/\/api.w.org\/{rel}","templated":true}]}}