{"id":307910,"date":"2021-11-13T16:17:28","date_gmt":"2021-11-13T20:17:28","guid":{"rendered":"http:\/\/diariodominicano.com\/?p=307910"},"modified":"2021-11-13T16:20:19","modified_gmt":"2021-11-13T20:20:19","slug":"laboratorios-lam-y-manitas-limpias-se-sumana-campana-en-favor-ninos-fundacion-sr-jude-este-sabado-fue-realizado-un-zumbaton-para-recaudar-fondos-para-ayudar-a-los-infantes-con-cancer","status":"publish","type":"post","link":"https:\/\/diariodominicano.com\/?p=307910","title":{"rendered":"Laboratorios LAM y Manitas Limpias se sumana campa\u00f1a en favor ni\u00f1os Fundaci\u00f3n Sr. Jude"},"content":{"rendered":"\n<p><strong><em>Este s\u00e1bado fu\u00e9 realizado un Zumbat\u00f3n para recaudar fondos para ayudar a los infantes con c\u00e1ncer<\/em><\/strong><\/p>\n\n\n\n<p>Santo Domingo, RD.- Con el eslogan \u201cBailando cuidamos a los ni\u00f1os\u201d empleados de Laboratorios LAM, allegados, familiares y ejecutivos de la empresa y de la Fundaci\u00f3n St. Jude se integraron al \u201cZumbat\u00f3n\u201d realizado este s\u00e1bado en el marco de las actividades para recaudar fondos para ayudar a los infantes afectados de c\u00e1ncer. <\/p>\n\n\n\n<p><br>La explanada del Jard\u00edn Bot\u00e1nico Nacional sirvi\u00f3 de escenario para el evento que incluy\u00f3 m\u00fasica, bailes, actividades recreativas para la familia y las ventas de camisetas de la \u201cJude Colletion 2021\u201d, que vienen con diferentes dise\u00f1os de artistas dominicanos. <\/p>\n\n\n\n<div class=\"wp-block-jetpack-slideshow aligncenter\" data-effect=\"slide\"><div class=\"wp-block-jetpack-slideshow_container swiper-container\"><ul class=\"wp-block-jetpack-slideshow_swiper-wrapper swiper-wrapper\"><li class=\"wp-block-jetpack-slideshow_slide swiper-slide\"><figure><img loading=\"lazy\" decoding=\"async\" width=\"1024\" height=\"768\" alt=\"\" class=\"wp-block-jetpack-slideshow_image wp-image-307924\" data-id=\"307924\" src=\"https:\/\/diariodominicano.com\/wp-content\/uploads\/2021\/11\/Rodrigo-Munoz-vicepresidente-de-comunicaciones-de-Laboratorios-LAM-1024x768.jpg\" srcset=\"https:\/\/diariodominicano.com\/wp-content\/uploads\/2021\/11\/Rodrigo-Munoz-vicepresidente-de-comunicaciones-de-Laboratorios-LAM-1024x768.jpg 1024w, https:\/\/diariodominicano.com\/wp-content\/uploads\/2021\/11\/Rodrigo-Munoz-vicepresidente-de-comunicaciones-de-Laboratorios-LAM-300x225.jpg 300w, https:\/\/diariodominicano.com\/wp-content\/uploads\/2021\/11\/Rodrigo-Munoz-vicepresidente-de-comunicaciones-de-Laboratorios-LAM-768x576.jpg 768w, https:\/\/diariodominicano.com\/wp-content\/uploads\/2021\/11\/Rodrigo-Munoz-vicepresidente-de-comunicaciones-de-Laboratorios-LAM-1536x1152.jpg 1536w, https:\/\/diariodominicano.com\/wp-content\/uploads\/2021\/11\/Rodrigo-Munoz-vicepresidente-de-comunicaciones-de-Laboratorios-LAM-2048x1536.jpg 2048w, https:\/\/diariodominicano.com\/wp-content\/uploads\/2021\/11\/Rodrigo-Munoz-vicepresidente-de-comunicaciones-de-Laboratorios-LAM-816x612.jpg 816w\" sizes=\"auto, (max-width: 1024px) 100vw, 1024px\" \/><\/figure><\/li><li class=\"wp-block-jetpack-slideshow_slide swiper-slide\"><figure><img loading=\"lazy\" decoding=\"async\" width=\"1024\" height=\"681\" alt=\"\" class=\"wp-block-jetpack-slideshow_image wp-image-307923\" data-id=\"307923\" src=\"https:\/\/diariodominicano.com\/wp-content\/uploads\/2021\/11\/Participantes-del-Zumbaton-1024x681.jpeg\" srcset=\"https:\/\/diariodominicano.com\/wp-content\/uploads\/2021\/11\/Participantes-del-Zumbaton-1024x681.jpeg 1024w, https:\/\/diariodominicano.com\/wp-content\/uploads\/2021\/11\/Participantes-del-Zumbaton-300x200.jpeg 300w, https:\/\/diariodominicano.com\/wp-content\/uploads\/2021\/11\/Participantes-del-Zumbaton-768x511.jpeg 768w, https:\/\/diariodominicano.com\/wp-content\/uploads\/2021\/11\/Participantes-del-Zumbaton-816x543.jpeg 816w, https:\/\/diariodominicano.com\/wp-content\/uploads\/2021\/11\/Participantes-del-Zumbaton.jpeg 1503w\" sizes=\"auto, (max-width: 1024px) 100vw, 1024px\" \/><\/figure><\/li><li class=\"wp-block-jetpack-slideshow_slide swiper-slide\"><figure><img loading=\"lazy\" decoding=\"async\" width=\"1024\" height=\"768\" alt=\"\" class=\"wp-block-jetpack-slideshow_image wp-image-307922\" data-id=\"307922\" src=\"https:\/\/diariodominicano.com\/wp-content\/uploads\/2021\/11\/La-vicepresidenta-de-la-Fundacion-St.-Jude-Alma-Valverde-1024x768.jpg\" srcset=\"https:\/\/diariodominicano.com\/wp-content\/uploads\/2021\/11\/La-vicepresidenta-de-la-Fundacion-St.-Jude-Alma-Valverde-1024x768.jpg 1024w, https:\/\/diariodominicano.com\/wp-content\/uploads\/2021\/11\/La-vicepresidenta-de-la-Fundacion-St.-Jude-Alma-Valverde-300x225.jpg 300w, https:\/\/diariodominicano.com\/wp-content\/uploads\/2021\/11\/La-vicepresidenta-de-la-Fundacion-St.-Jude-Alma-Valverde-768x576.jpg 768w, https:\/\/diariodominicano.com\/wp-content\/uploads\/2021\/11\/La-vicepresidenta-de-la-Fundacion-St.-Jude-Alma-Valverde-1536x1152.jpg 1536w, https:\/\/diariodominicano.com\/wp-content\/uploads\/2021\/11\/La-vicepresidenta-de-la-Fundacion-St.-Jude-Alma-Valverde-2048x1536.jpg 2048w, https:\/\/diariodominicano.com\/wp-content\/uploads\/2021\/11\/La-vicepresidenta-de-la-Fundacion-St.-Jude-Alma-Valverde-816x612.jpg 816w\" sizes=\"auto, (max-width: 1024px) 100vw, 1024px\" \/><\/figure><\/li><li class=\"wp-block-jetpack-slideshow_slide swiper-slide\"><figure><img loading=\"lazy\" decoding=\"async\" width=\"1024\" height=\"768\" alt=\"\" class=\"wp-block-jetpack-slideshow_image wp-image-307917\" data-id=\"307917\" src=\"https:\/\/diariodominicano.com\/wp-content\/uploads\/2021\/11\/El-vicepresidente-de-comunicaciones-Laboratorios-LAM-Rodrigo-Munoz-1024x768.jpg\" srcset=\"https:\/\/diariodominicano.com\/wp-content\/uploads\/2021\/11\/El-vicepresidente-de-comunicaciones-Laboratorios-LAM-Rodrigo-Munoz-1024x768.jpg 1024w, https:\/\/diariodominicano.com\/wp-content\/uploads\/2021\/11\/El-vicepresidente-de-comunicaciones-Laboratorios-LAM-Rodrigo-Munoz-300x225.jpg 300w, https:\/\/diariodominicano.com\/wp-content\/uploads\/2021\/11\/El-vicepresidente-de-comunicaciones-Laboratorios-LAM-Rodrigo-Munoz-768x576.jpg 768w, https:\/\/diariodominicano.com\/wp-content\/uploads\/2021\/11\/El-vicepresidente-de-comunicaciones-Laboratorios-LAM-Rodrigo-Munoz-1536x1152.jpg 1536w, https:\/\/diariodominicano.com\/wp-content\/uploads\/2021\/11\/El-vicepresidente-de-comunicaciones-Laboratorios-LAM-Rodrigo-Munoz-2048x1536.jpg 2048w, https:\/\/diariodominicano.com\/wp-content\/uploads\/2021\/11\/El-vicepresidente-de-comunicaciones-Laboratorios-LAM-Rodrigo-Munoz-816x612.jpg 816w\" sizes=\"auto, (max-width: 1024px) 100vw, 1024px\" \/><\/figure><\/li><li class=\"wp-block-jetpack-slideshow_slide swiper-slide\"><figure><img loading=\"lazy\" decoding=\"async\" width=\"1024\" height=\"681\" alt=\"\" class=\"wp-block-jetpack-slideshow_image wp-image-307916\" data-id=\"307916\" src=\"https:\/\/diariodominicano.com\/wp-content\/uploads\/2021\/11\/Ejecutivos-de-Laboratorios-LAM-de-la-Fundacion-St-Jude-y-voluntarios-1024x681.jpeg\" srcset=\"https:\/\/diariodominicano.com\/wp-content\/uploads\/2021\/11\/Ejecutivos-de-Laboratorios-LAM-de-la-Fundacion-St-Jude-y-voluntarios-1024x681.jpeg 1024w, https:\/\/diariodominicano.com\/wp-content\/uploads\/2021\/11\/Ejecutivos-de-Laboratorios-LAM-de-la-Fundacion-St-Jude-y-voluntarios-300x200.jpeg 300w, https:\/\/diariodominicano.com\/wp-content\/uploads\/2021\/11\/Ejecutivos-de-Laboratorios-LAM-de-la-Fundacion-St-Jude-y-voluntarios-768x511.jpeg 768w, https:\/\/diariodominicano.com\/wp-content\/uploads\/2021\/11\/Ejecutivos-de-Laboratorios-LAM-de-la-Fundacion-St-Jude-y-voluntarios-816x543.jpeg 816w, https:\/\/diariodominicano.com\/wp-content\/uploads\/2021\/11\/Ejecutivos-de-Laboratorios-LAM-de-la-Fundacion-St-Jude-y-voluntarios.jpeg 1503w\" sizes=\"auto, (max-width: 1024px) 100vw, 1024px\" \/><\/figure><\/li><\/ul><a class=\"wp-block-jetpack-slideshow_button-prev swiper-button-prev swiper-button-white\" role=\"button\"><\/a><a class=\"wp-block-jetpack-slideshow_button-next swiper-button-next swiper-button-white\" role=\"button\"><\/a><a aria-label=\"Pause Slideshow\" class=\"wp-block-jetpack-slideshow_button-pause\" role=\"button\"><\/a><div class=\"wp-block-jetpack-slideshow_pagination swiper-pagination swiper-pagination-white\"><\/div><\/div><\/div>\n\n\n\n<p><br>La marca de gel antibacterial Manitas Limpias escogi\u00f3 para patrocinar la creaci\u00f3n del dise\u00f1ador Makodbra, que est\u00e1 inspirada en la tendencia de los videojuegos, que tiene un mensaje de que los obst\u00e1culos implican volver a empezar tal, como ocurre con la vida misma. <\/p>\n\n\n\n<p><br>El vicepresidente de comunicaciones de Laboratorios LAM, Rodrigo Mu\u00f1oz, explic\u00f3 que esta empresa farmac\u00e9utica se interesa en colaborar con instituciones con objetivos como \u00e9ste, que fomentan el bienestar y la salud de las personas, y en este caso, no s\u00f3lo LAM sino tambi\u00e9n sus colaboradores se vincularon al adquirir camisetas, para ayudar al objetivo de la Fundaci\u00f3n. <\/p>\n\n\n\n<p><br>El ejecutivo de LAM invit\u00f3 al p\u00fablico a apoyar esta causa ben\u00e9fica, adquiriendo las camisetas de la colecci\u00f3n, disponibles en el Supermercados Nacional o por medio de la plataforma de mensajer\u00eda expresa Hugo. <\/p>\n\n\n\n<p><br>Dijo que la \u201cJude Collection\u201d, de la Fundaci\u00f3n St. Jude, sirve de plataforma comunicacional para crear conciencia, apoyar las acciones contra el c\u00e1ncer infantil y sensibilizar a la poblaci\u00f3n a impulsar la captaci\u00f3n de fondos para el tratamiento de esta terrible enfermedad. <\/p>\n\n\n\n<p><br>Se\u00f1al\u00f3 que \u201ccon la compra de estos t-shirts las personas ayudan a difundir un mensaje positivo mientras colaboran con la causa y el sustento del tratamiento m\u00e9dico de nuestros pacientes\u201d. <\/p>\n\n\n\n<p><br>La Fundaci\u00f3n St. Jude es una organizaci\u00f3n sin fines de lucro creada para ayudar a ni\u00f1os dominicanos con c\u00e1ncer, concentrando su trabajo en el apoyo econ\u00f3mico a la salud, acompa\u00f1amiento a la familia y recaudaci\u00f3n de fondos. <\/p>\n\n\n\n<p><br><strong>Sobre Laboratorios LAM<\/strong><br>Es la principal empresa farmac\u00e9utica dominicana con 38 a\u00f1os de operaciones que, desde sus inicios, fomenta la producci\u00f3n nacional de medicamentos de alta calidad. <\/p>\n\n\n\n<p><br>En la actualidad, es un referente del mercado farmac\u00e9utico de la Rep\u00fablica Dominicana y cuenta con m\u00e1s de 750 empleados y un portafolio de m\u00e1s de 700 productos m\u00e9dicos con \u00e9nfasis en cardiolog\u00eda, diabetes, neurociencia y otras \u00e1reas de la medicina. <\/p>\n\n\n\n<p><br>La empresa est\u00e1 comprometida con el cuidado de la salud y el bienestar de los dominicanos, promoviendo el acceso de medicamentos hechos en Rep\u00fablica Dominicana con calidad internacional. <\/p>\n\n\n\n<p><br>Algunos de sus productos l\u00edderes son Manitas Limpias, Laritox, Coralat, y un extenso portafolio de productos en las \u00e1reas cardiovascular, analg\u00e9sicos, urolog\u00eda, infancia, neurociencia, gastro y el cuidado personal, entre otros <\/p>\n","protected":false},"excerpt":{"rendered":"<p>Este s\u00e1bado fu\u00e9 realizado un Zumbat\u00f3n para recaudar fondos para ayudar a los infantes con c\u00e1ncer Santo Domingo, RD.- Con el eslogan \u201cBailando cuidamos a los ni\u00f1os\u201d empleados de Laboratorios LAM, allegados, familiares y ejecutivos de la empresa y de la Fundaci\u00f3n St. Jude se integraron al \u201cZumbat\u00f3n\u201d realizado este s\u00e1bado en el marco de [&hellip;]<\/p>\n","protected":false},"author":7,"featured_media":307923,"comment_status":"closed","ping_status":"","sticky":true,"template":"","format":"standard","meta":{"footnotes":""},"categories":[25,27],"tags":[],"class_list":["post-307910","post","type-post","status-publish","format-standard","has-post-thumbnail","hentry","category-gente","category-portada"],"_links":{"self":[{"href":"https:\/\/diariodominicano.com\/index.php?rest_route=\/wp\/v2\/posts\/307910","targetHints":{"allow":["GET"]}}],"collection":[{"href":"https:\/\/diariodominicano.com\/index.php?rest_route=\/wp\/v2\/posts"}],"about":[{"href":"https:\/\/diariodominicano.com\/index.php?rest_route=\/wp\/v2\/types\/post"}],"author":[{"embeddable":true,"href":"https:\/\/diariodominicano.com\/index.php?rest_route=\/wp\/v2\/users\/7"}],"replies":[{"embeddable":true,"href":"https:\/\/diariodominicano.com\/index.php?rest_route=%2Fwp%2Fv2%2Fcomments&post=307910"}],"version-history":[{"count":2,"href":"https:\/\/diariodominicano.com\/index.php?rest_route=\/wp\/v2\/posts\/307910\/revisions"}],"predecessor-version":[{"id":307928,"href":"https:\/\/diariodominicano.com\/index.php?rest_route=\/wp\/v2\/posts\/307910\/revisions\/307928"}],"wp:featuredmedia":[{"embeddable":true,"href":"https:\/\/diariodominicano.com\/index.php?rest_route=\/wp\/v2\/media\/307923"}],"wp:attachment":[{"href":"https:\/\/diariodominicano.com\/index.php?rest_route=%2Fwp%2Fv2%2Fmedia&parent=307910"}],"wp:term":[{"taxonomy":"category","embeddable":true,"href":"https:\/\/diariodominicano.com\/index.php?rest_route=%2Fwp%2Fv2%2Fcategories&post=307910"},{"taxonomy":"post_tag","embeddable":true,"href":"https:\/\/diariodominicano.com\/index.php?rest_route=%2Fwp%2Fv2%2Ftags&post=307910"}],"curies":[{"name":"wp","href":"https:\/\/api.w.org\/{rel}","templated":true}]}}