{"id":307893,"date":"2021-11-13T11:58:01","date_gmt":"2021-11-13T15:58:01","guid":{"rendered":"http:\/\/diariodominicano.com\/?p=307893"},"modified":"2021-11-13T11:58:01","modified_gmt":"2021-11-13T15:58:01","slug":"tanque-de-refineria-de-petroleo-se-incendia-en-java-central-indonesia","status":"publish","type":"post","link":"https:\/\/diariodominicano.com\/?p=307893","title":{"rendered":"Tanque de refiner\u00eda de petr\u00f3leo se incendia en Java Central, Indonesia"},"content":{"rendered":"\n<p>diariodominicano.com<a rel=\"noreferrer noopener\" href=\"https:\/\/www.xinhua-news.com\/gdsdetailxhs\/share\/10602505-?pageflag=iframe\" target=\"_blank\"><\/a><\/p>\n\n\n\n<pre id=\"text-news-description\" class=\"wp-block-preformatted\">   YAKARTA, 13 nov (Xinhua) -- Un tanque de una refiner\u00eda de petr\u00f3leo en el distrito de Cilacap, en la provincia de Java Central, Indonesia, se incendi\u00f3 la noche de hoy s\u00e1bado, dijo a tvOne, Ifki Sukarya, portavoz de la empresa estatal indonesia de petr\u00f3leo y gas, PT Pertamina.\n   El incendio se produjo en la refiner\u00eda de Cilacap a las 19:30 hora de Yakarta (12:30 GMT), de acuerdo con el portavoz.<\/pre>\n","protected":false},"excerpt":{"rendered":"<p>diariodominicano.com YAKARTA, 13 nov (Xinhua) &#8212; Un tanque de una refiner\u00eda de petr\u00f3leo en el distrito de Cilacap, en la provincia de Java Central, Indonesia, se incendi\u00f3 la noche de hoy s\u00e1bado, dijo a tvOne, Ifki Sukarya, portavoz de la empresa estatal indonesia de petr\u00f3leo y gas, PT Pertamina. El incendio se produjo en la [&hellip;]<\/p>\n","protected":false},"author":5,"featured_media":307894,"comment_status":"closed","ping_status":"","sticky":true,"template":"","format":"standard","meta":{"footnotes":""},"categories":[23,27],"tags":[],"class_list":["post-307893","post","type-post","status-publish","format-standard","has-post-thumbnail","hentry","category-internacional","category-portada"],"_links":{"self":[{"href":"https:\/\/diariodominicano.com\/index.php?rest_route=\/wp\/v2\/posts\/307893","targetHints":{"allow":["GET"]}}],"collection":[{"href":"https:\/\/diariodominicano.com\/index.php?rest_route=\/wp\/v2\/posts"}],"about":[{"href":"https:\/\/diariodominicano.com\/index.php?rest_route=\/wp\/v2\/types\/post"}],"author":[{"embeddable":true,"href":"https:\/\/diariodominicano.com\/index.php?rest_route=\/wp\/v2\/users\/5"}],"replies":[{"embeddable":true,"href":"https:\/\/diariodominicano.com\/index.php?rest_route=%2Fwp%2Fv2%2Fcomments&post=307893"}],"version-history":[{"count":1,"href":"https:\/\/diariodominicano.com\/index.php?rest_route=\/wp\/v2\/posts\/307893\/revisions"}],"predecessor-version":[{"id":307895,"href":"https:\/\/diariodominicano.com\/index.php?rest_route=\/wp\/v2\/posts\/307893\/revisions\/307895"}],"wp:featuredmedia":[{"embeddable":true,"href":"https:\/\/diariodominicano.com\/index.php?rest_route=\/wp\/v2\/media\/307894"}],"wp:attachment":[{"href":"https:\/\/diariodominicano.com\/index.php?rest_route=%2Fwp%2Fv2%2Fmedia&parent=307893"}],"wp:term":[{"taxonomy":"category","embeddable":true,"href":"https:\/\/diariodominicano.com\/index.php?rest_route=%2Fwp%2Fv2%2Fcategories&post=307893"},{"taxonomy":"post_tag","embeddable":true,"href":"https:\/\/diariodominicano.com\/index.php?rest_route=%2Fwp%2Fv2%2Ftags&post=307893"}],"curies":[{"name":"wp","href":"https:\/\/api.w.org\/{rel}","templated":true}]}}