{"id":307890,"date":"2021-11-13T11:51:20","date_gmt":"2021-11-13T15:51:20","guid":{"rendered":"http:\/\/diariodominicano.com\/?p=307890"},"modified":"2021-11-13T11:51:20","modified_gmt":"2021-11-13T15:51:20","slug":"imagen-de-la-virgen-desafia-la-erupcion-del-volcan-en-la-palma","status":"publish","type":"post","link":"https:\/\/diariodominicano.com\/?p=307890","title":{"rendered":"Imagen de la Virgen desaf\u00eda la erupci\u00f3n del volc\u00e1n en La Palma"},"content":{"rendered":"\n<p>diariodominicano.com<\/p>\n\n\n\n<p>POR\u00a0<a href=\"https:\/\/www.aciprensa.com\/noticias\/esta-imagen-de-la-virgen-desafia-la-erupcion-del-volcan-en-la-palma-58123?rel=author\">HARUMI SUZUKI<\/a>\u00a0| ACI Prensa<\/p>\n\n\n\n<p>Vaticano,  13 de noviembre, 2021.-  Una imagen de la Virgen de F\u00e1tima en la isla de La Palma (Espa\u00f1a) ha causado sorpresa entre los fieles al permanecer intacta, pese a encontrarse a pocos metros del volc\u00e1n, que desde hace m\u00e1s de 45 d\u00edas se encuentra en erupci\u00f3n.<\/p>\n\n\n\n<p>El volc\u00e1n de Cumbre Vieja, en la isla de La Palma, situada en el archipi\u00e9lago de las islas Canarias, al noroeste de \u00c1frica, se encuentra en erupci\u00f3n desde el 19 de septiembre.<\/p>\n\n\n\n<p>La foto de la imagen de la Virgen, tallada en granito blanco y de dos metros de altura que custodia el Valle de Aridane, fue tomada por I Love the World y fue recibida por los fieles como un signo de esperanza.<\/p>\n\n\n\n<p><a href=\"https:\/\/www.abc.es\/espana\/canarias\/abci-promesa-no-tumba-volcan-202111100120_noticia.html\">Seg\u00fan indic\u00f3 el diario espa\u00f1ol ABC,<\/a>&nbsp;los bomberos de La Palma, que tambi\u00e9n lograron acceder a la zona, han resaltado la historia de una vecina que les pidi\u00f3 llevar una flor a la Virgen para pedirle que pare la erupci\u00f3n.<\/p>\n\n\n\n<p>\u201cUna se\u00f1ora les pidi\u00f3 a los compa\u00f1eros del \u2018Parque Laguna\u2019, que estaban limpiando tejados en la zona de Las Manchas, que por favor le llevaran a la Virgen de F\u00e1tima una flor que les entreg\u00f3, ya que estaba en la zona de exclusi\u00f3n y no se le permit\u00eda entrar\u201d, y as\u00ed lo hicieron, indic\u00f3 Germ\u00e1n P\u00e9rez, bombero de La Palma.<\/p>\n\n\n\n<p>La relaci\u00f3n de esta imagen de la Virgen de F\u00e1tima con los fieles de Las Palmas tiene una larga historia, pues su edificaci\u00f3n est\u00e1 relacionada con la erupci\u00f3n de otro volc\u00e1n.<\/p>\n\n\n\n<p>En 1949, el volc\u00e1n de San Juan amenazaba con destruir Las Manchas, por lo que el p\u00e1rroco de ese entonces de la ermita de San Nicol\u00e1s, P. Blas Santos P\u00e9rez, y los vecinos, pidieron la intercesi\u00f3n de la Virgen de F\u00e1tima para que la lava no entrara a la zona poblada.<\/p>\n\n\n\n<p>El p\u00e1rroco de El Paso, P. Domingo Guerra,<a href=\"https:\/\/www.cope.es\/religion\/hoy-en-dia\/noticias\/los-motivos-por-los-que-monumento-virgen-fatima-palma-visto-aun-afectado-por-lava-20211111_1611473\">&nbsp;indic\u00f3 a COPE<\/a>&nbsp;que \u201cla lava se detuvo llegando al n\u00facleo de Las Manchas, pr\u00f3xima al enclave de su parroquia, San Nicol\u00e1s de Bari, que data del a\u00f1o 1700\u201d.<\/p>\n\n\n\n<p>\u201cMi compa\u00f1ero don Blas, que por aquel entonces era p\u00e1rroco de San Nicol\u00e1s de Bari, encarg\u00f3 construir el monumento justo donde se detuvo la avalancha de magma y pidi\u00f3 una imagen de F\u00e1tima para colocarla en ese lugar\u201d, agreg\u00f3.<\/p>\n\n\n\n<p>En 1951 comenzaron las obras para la construcci\u00f3n del monumento a esta devoci\u00f3n mariana, que finalmente se inaugur\u00f3 en 1960. Actualmente, cada 13 de mayo y 13 de octubre se celebra la Santa Misa en un altar de granito que preside este monumento.<\/p>\n\n\n\n<p>\u201cAdem\u00e1s tambi\u00e9n se hace un Rosario en honor a la Virgen de F\u00e1tima\u201d, a\u00f1adi\u00f3 el P. Guerra.<\/p>\n\n\n\n<p>El sacerdote agreg\u00f3 que la actual erupci\u00f3n volc\u00e1nica no ha tocado la zona, \u201cse ha parado a unos ochenta metros del cementerio y a 500 metros de la iglesia de San Nicol\u00e1s\u201d.<\/p>\n\n\n\n<p>\u201cLas im\u00e1genes del templo est\u00e1n quitadas, pero no ha afectado al edificio del templo\u201d, remarc\u00f3.<\/p>\n\n\n\n<p>El P. Guerra resalt\u00f3 que no ser\u00e1 f\u00e1cil que el magma llegue, porque tendr\u00eda que \u201csobreponerse a la lava creada en 1949. Las &#8216;corrent\u00edas&#8217; de lava van hacia el mar normalmente. Como hay gran cantidad de piedras grandes, se desborda hacia los lados\u201d, explic\u00f3.<\/p>\n","protected":false},"excerpt":{"rendered":"<p>diariodominicano.com POR\u00a0HARUMI SUZUKI\u00a0| ACI Prensa Vaticano, 13 de noviembre, 2021.- Una imagen de la Virgen de F\u00e1tima en la isla de La Palma (Espa\u00f1a) ha causado sorpresa entre los fieles al permanecer intacta, pese a encontrarse a pocos metros del volc\u00e1n, que desde hace m\u00e1s de 45 d\u00edas se encuentra en erupci\u00f3n. El volc\u00e1n de [&hellip;]<\/p>\n","protected":false},"author":5,"featured_media":307891,"comment_status":"closed","ping_status":"","sticky":true,"template":"","format":"standard","meta":{"footnotes":""},"categories":[23,27],"tags":[],"class_list":["post-307890","post","type-post","status-publish","format-standard","has-post-thumbnail","hentry","category-internacional","category-portada"],"_links":{"self":[{"href":"https:\/\/diariodominicano.com\/index.php?rest_route=\/wp\/v2\/posts\/307890","targetHints":{"allow":["GET"]}}],"collection":[{"href":"https:\/\/diariodominicano.com\/index.php?rest_route=\/wp\/v2\/posts"}],"about":[{"href":"https:\/\/diariodominicano.com\/index.php?rest_route=\/wp\/v2\/types\/post"}],"author":[{"embeddable":true,"href":"https:\/\/diariodominicano.com\/index.php?rest_route=\/wp\/v2\/users\/5"}],"replies":[{"embeddable":true,"href":"https:\/\/diariodominicano.com\/index.php?rest_route=%2Fwp%2Fv2%2Fcomments&post=307890"}],"version-history":[{"count":1,"href":"https:\/\/diariodominicano.com\/index.php?rest_route=\/wp\/v2\/posts\/307890\/revisions"}],"predecessor-version":[{"id":307892,"href":"https:\/\/diariodominicano.com\/index.php?rest_route=\/wp\/v2\/posts\/307890\/revisions\/307892"}],"wp:featuredmedia":[{"embeddable":true,"href":"https:\/\/diariodominicano.com\/index.php?rest_route=\/wp\/v2\/media\/307891"}],"wp:attachment":[{"href":"https:\/\/diariodominicano.com\/index.php?rest_route=%2Fwp%2Fv2%2Fmedia&parent=307890"}],"wp:term":[{"taxonomy":"category","embeddable":true,"href":"https:\/\/diariodominicano.com\/index.php?rest_route=%2Fwp%2Fv2%2Fcategories&post=307890"},{"taxonomy":"post_tag","embeddable":true,"href":"https:\/\/diariodominicano.com\/index.php?rest_route=%2Fwp%2Fv2%2Ftags&post=307890"}],"curies":[{"name":"wp","href":"https:\/\/api.w.org\/{rel}","templated":true}]}}