{"id":307876,"date":"2021-11-13T09:00:53","date_gmt":"2021-11-13T13:00:53","guid":{"rendered":"http:\/\/diariodominicano.com\/?p=307876"},"modified":"2021-11-13T14:12:38","modified_gmt":"2021-11-13T18:12:38","slug":"tribunal-ordena-mantener-en-prision-a-imputados-por-corrupcion-en-el-caso-coral","status":"publish","type":"post","link":"https:\/\/diariodominicano.com\/?p=307876","title":{"rendered":"Tribunal ordena mantener en prisi\u00f3n a imputados por corrupci\u00f3n en el Caso Coral"},"content":{"rendered":"\n<p><em><u>Wilson Camacho explic\u00f3 que el Ministerio P\u00fablico aport\u00f3 una cantidad cuantiosa de presupuestos, incluyendo algunos testigos, que pusieron al juez en condici\u00f3n de mantener las medidas de coerci\u00f3n<\/u><\/em><\/p>\n\n\n\n<p>SANTO DOMINGO, Rep\u00fablica Dominicana.- La solicitud del Ministerio P\u00fablico de que se mantengan las medidas de coerci\u00f3n a los imputados por corrupci\u00f3n administrativa en el Caso Coral, fue acogida este viernes por el Primer Juzgado de la Instrucci\u00f3n del Distrito Nacional, que ratific\u00f3 la prisi\u00f3n preventiva y domiciliaria a los implicados.<\/p>\n\n\n\n<p>El procurador adjunto Wilson Camacho, titular de la Procuradur\u00eda Especializada de Persecuci\u00f3n de la Corrupci\u00f3n Administrativa (Pepca), resalt\u00f3 el hecho de que una vez m\u00e1s se confirmen las medidas de coerci\u00f3n de los imputados del Caso Coral.<\/p>\n\n\n\n<p>En ese sentido, destac\u00f3 que el tribunal mantiene la prisi\u00f3n preventiva para la mayor\u00eda de los encartados, como fue impuesta, y arresto domiciliario en el caso de uno de los imputados.<\/p>\n\n\n\n<p>\u201cEsto debe ser as\u00ed porque el Ministerio P\u00fablico ha dicho desde el principio que en este caso tiene pruebas abrumadoras y fulminantes, y en el avance de la investigaci\u00f3n de este proceso en el d\u00eda de hoy lo hemos demostrado en el tribunal\u201d, dijo el titular de la Pepca.<\/p>\n\n\n\n<p>\u201cTrajimos una cantidad cuantiosa de presupuestos que pusieron en condici\u00f3n al tribunal de mantener la medida de coerci\u00f3n, frente a las defensas, que no trajeron ning\u00fan presupuesto, y en esa condici\u00f3n no pod\u00eda el tribunal decidir de otra manera que no sea manteniendo las medidas de coerci\u00f3n\u201d, a\u00f1adi\u00f3.<\/p>\n\n\n\n<p>Camacho se refiri\u00f3 al proceso al ofrecer respuestas a preguntas de los periodistas que lo abordaron a la salida del tribunal, luego que concluyera la revisi\u00f3n obligatoria de las medidas de coerci\u00f3n.<\/p>\n\n\n\n<p>Sobre los nuevos presupuestos, dijo que el Ministerio P\u00fablico aport\u00f3 testigos que dan cuenta de c\u00f3mo funcionaba el entramado criminal de personas que, a cambio de \u201cmigajas\u201d, eran utilizadas para que sirvieran de medio para sustraer dinero del Estado.<\/p>\n\n\n\n<p>\u201cEl Ministerio P\u00fablico, por el secreto de la investigaci\u00f3n, solo se puede referir a las pruebas que ha aportado en el tribunal en el d\u00eda de hoy, que el tribunal ha entendido que son suficientes para mantener las medidas de coerci\u00f3n\u201d, expres\u00f3.<\/p>\n\n\n\n<p>Camacho adelant\u00f3 que el Ministerio P\u00fablico tiene otras muchas evidencias que ha ido recabando en el proceso de investigaci\u00f3n de este caso y dijo que en su momento tambi\u00e9n las aportar\u00e1n a los tribunales.<\/p>\n\n\n\n<p>Al dar respuesta sobre un amparo de una persona que es parte del proceso, dijo que la acci\u00f3n se conoci\u00f3 en el d\u00eda de hoy, aunque el Ministerio P\u00fablico hasta el momento todav\u00eda no lo imputa.<\/p>\n\n\n\n<p>Explic\u00f3 que la jueza se reserv\u00f3 el fallo sobre ese recurso hasta el 26 de este mes, aunque los fiscales esperan, por las evidencias que aportaron en ese juicio de amparo, que sea desestimado.<\/p>\n\n\n\n<p>\u201cNo hay raz\u00f3n en derecho para que ese amparo sea acogido\u201d, expuso Camacho, quien represent\u00f3 al Ministerio P\u00fablico junto a los fiscales Mirna Ortiz, Miguel Collado, Mar\u00eda Melenciano, Jonathan P\u00e9rez, Enmanuel Ram\u00edrez y Mervin Romero.<\/p>\n\n\n\n<p>La jueza de la instrucci\u00f3n Keila P\u00e9rez Santana ratific\u00f3 la prisi\u00f3n preventiva al mayor general Ad\u00e1n C\u00e1ceres Silvestre y a Rossy Guzm\u00e1n S\u00e1nchez (La Pastora), as\u00ed como al cabo policial Tanner Antonio Flete Guzm\u00e1n, hijo de la religiosa, y al coronel policial Rafael N\u00fa\u00f1ez de Aza.<\/p>\n\n\n\n<p>En el caso del sargento de la Armada Alejandro Jos\u00e9 Montero Cruz, no se le revis\u00f3 la medida en virtud de que est\u00e1 pendiente el conocimiento de un recurso de apelaci\u00f3n en la Primera Sala de la Corte de Apelaci\u00f3n del Distrito, el pr\u00f3ximo 15 de noviembre, a partir de las 9:00 de la ma\u00f1ana.<\/p>\n\n\n\n<p>En tanto que a Ra\u00fal Alejandro Gir\u00f3n Jim\u00e9nez le fue confirmado el arresto domiciliario por razones de seguridad, por cooperar con la investigaci\u00f3n del Ministerio P\u00fablico. Previamente, su defensa expres\u00f3 que no apelar\u00eda la medida de coerci\u00f3n.<\/p>\n\n\n\n<p>Los imputados con prisi\u00f3n preventiva por 18 meses desde mayo pasado la cumplen en los centros de correcci\u00f3n y rehabilitaci\u00f3n de Najayo Hombres y Mujeres, en San Crist\u00f3bal, mientras el Ministerio P\u00fablico contin\u00faa avanzando con la investigaci\u00f3n del caso, que fue declarado de tramitaci\u00f3n compleja.<\/p>\n\n\n\n<p>El grupo est\u00e1 involucrado en delitos de asociaci\u00f3n de malhechores, estafa contra el Estado dominicano, coalici\u00f3n de funcionarios, falsificaci\u00f3n de documentos p\u00fablicos, lavado de activos provenientes de actos de corrupci\u00f3n y porte y tenencia ilegal de armas de fuego.<\/p>\n\n\n\n<p>La Direcci\u00f3n General de Persecuci\u00f3n del Ministerio P\u00fablico y la Pepca, dirigidas por los procuradores adjuntos Yeni Berenice Reynoso y Wilson Camacho, llevan a cabo las investigaciones con un amplio equipo de fiscales.<\/p>\n\n\n\n<p>El entramado criminal desmantelado con el Caso Coral desarrollaba sus actividades delictivas en el Cuerpo de Seguridad Presidencial (Cusep) y en el Cuerpo Especializado de Seguridad Tur\u00edstica (Cestur), principalmente, con el abultamiento de la n\u00f3mina.<\/p>\n\n\n\n<p>El Ministerio P\u00fablico estableci\u00f3 en el transcurso del proceso judicial que N\u00fa\u00f1ez de Aza tambi\u00e9n fungi\u00f3 como director financiero del Conani, a pesar de que no aparec\u00eda en los registros p\u00fablicos.<\/p>\n\n\n\n<p>Adem\u00e1s, determin\u00f3 que realizaban operaciones fraudulentas para adquirir bienes muebles e inmuebles, veh\u00edculos de lujo y propiedades en diferentes lugares del pa\u00eds, valorados en millones de pesos.<\/p>\n\n\n\n<p>Desde que le fue impuesta la prisi\u00f3n preventiva, el grupo ha intentado obtener la libertad en diferentes instancias, sin que hayan podido lograr su objetivo, ya que tanto en las revisiones obligatorias en los juzgados de la instrucci\u00f3n como en la Corte de Apelaci\u00f3n del Distrito Nacional la medida le ha sido ratificada.<\/p>\n\n\n\n<p><strong>Direcci\u00f3n de Comunicaci\u00f3n y Prensa<\/strong><\/p>\n\n\n\n<p><strong>Procuradur\u00eda General-Ministerio P\u00fablico RD<\/strong><\/p>\n\n\n\n<p><strong>Viernes, 12 de noviembre de 2021.<\/strong><\/p>\n","protected":false},"excerpt":{"rendered":"<p>Wilson Camacho explic\u00f3 que el Ministerio P\u00fablico aport\u00f3 una cantidad cuantiosa de presupuestos, incluyendo algunos testigos, que pusieron al juez en condici\u00f3n de mantener las medidas de coerci\u00f3n SANTO DOMINGO, Rep\u00fablica Dominicana.- La solicitud del Ministerio P\u00fablico de que se mantengan las medidas de coerci\u00f3n a los imputados por corrupci\u00f3n administrativa en el Caso Coral, [&hellip;]<\/p>\n","protected":false},"author":2,"featured_media":278381,"comment_status":"closed","ping_status":"","sticky":true,"template":"","format":"standard","meta":{"footnotes":""},"categories":[24,27],"tags":[],"class_list":["post-307876","post","type-post","status-publish","format-standard","has-post-thumbnail","hentry","category-justicia-y-derecho","category-portada"],"_links":{"self":[{"href":"https:\/\/diariodominicano.com\/index.php?rest_route=\/wp\/v2\/posts\/307876","targetHints":{"allow":["GET"]}}],"collection":[{"href":"https:\/\/diariodominicano.com\/index.php?rest_route=\/wp\/v2\/posts"}],"about":[{"href":"https:\/\/diariodominicano.com\/index.php?rest_route=\/wp\/v2\/types\/post"}],"author":[{"embeddable":true,"href":"https:\/\/diariodominicano.com\/index.php?rest_route=\/wp\/v2\/users\/2"}],"replies":[{"embeddable":true,"href":"https:\/\/diariodominicano.com\/index.php?rest_route=%2Fwp%2Fv2%2Fcomments&post=307876"}],"version-history":[{"count":1,"href":"https:\/\/diariodominicano.com\/index.php?rest_route=\/wp\/v2\/posts\/307876\/revisions"}],"predecessor-version":[{"id":307877,"href":"https:\/\/diariodominicano.com\/index.php?rest_route=\/wp\/v2\/posts\/307876\/revisions\/307877"}],"wp:featuredmedia":[{"embeddable":true,"href":"https:\/\/diariodominicano.com\/index.php?rest_route=\/wp\/v2\/media\/278381"}],"wp:attachment":[{"href":"https:\/\/diariodominicano.com\/index.php?rest_route=%2Fwp%2Fv2%2Fmedia&parent=307876"}],"wp:term":[{"taxonomy":"category","embeddable":true,"href":"https:\/\/diariodominicano.com\/index.php?rest_route=%2Fwp%2Fv2%2Fcategories&post=307876"},{"taxonomy":"post_tag","embeddable":true,"href":"https:\/\/diariodominicano.com\/index.php?rest_route=%2Fwp%2Fv2%2Ftags&post=307876"}],"curies":[{"name":"wp","href":"https:\/\/api.w.org\/{rel}","templated":true}]}}