{"id":307849,"date":"2021-11-13T04:05:28","date_gmt":"2021-11-13T08:05:28","guid":{"rendered":"http:\/\/diariodominicano.com\/?p=307849"},"modified":"2021-11-13T04:05:28","modified_gmt":"2021-11-13T08:05:28","slug":"velaran-este-domingo-en-alto-manhattan-director-periodico-el-taxista-news","status":"publish","type":"post","link":"https:\/\/diariodominicano.com\/?p=307849","title":{"rendered":"Velar\u00e1n este domingo en Alto Manhattan director peri\u00f3dico \u201cEl Taxista News\u201d"},"content":{"rendered":"\n<p><strong>Por Ram\u00f3n Mercedes<\/strong><\/p>\n\n\n\n<p><strong>&nbsp;NUEVA YORK.-<\/strong>&nbsp;Los restos del fenecido fundador-director del peri\u00f3dico comunitario alternativo \u201cEl Taxista News\u201d, Jos\u00e9 Rodr\u00edguez, ser\u00e1n expuestos este domingo en el Alto Manhattan.<\/p>\n\n\n\n<p>Los servicios f\u00fanebres ser\u00e1n a partir de las 4:00 de la tarde hasta las 7:00 de la noche en la \u201cFuneraria International &amp; Cremation Services\u201d, localizada en el 1761 de la avenida \u00c1msterdam, con la calle 147. Luego ser\u00e1 cremado.<\/p>\n\n\n\n<p>Rodr\u00edguez, oriundo de Jarabacoa, falleci\u00f3 la madrugada de este jueves a la edad de 74 a\u00f1os, luego de permanecer un mes y 3 d\u00edas ingresado en el hospital Presbiteriano Medical Center.<\/p>\n\n\n\n<p>Su deceso fue ocasionado a consecuencia del c\u00e1ncer que padec\u00eda y complicaciones respiratorias bronconeumon\u00eda provocada por el Covid-19. Ten\u00eda m\u00e1s de 40 a\u00f1os radicado en los Estados Unidos.<\/p>\n\n\n\n<p>Distintas personalidades del mundo pol\u00edtico, period\u00edstico, oficiales electos, empresarios, activistas comunitarios, bodegueros, asociaciones, clubes deportivos y culturales, religiosos, propietarios de bases de taxis, y ciudadanos comunes han lamentado profundamente su fallecimiento.<\/p>\n\n\n\n<p>Todos coinciden en resaltar su honradez, disciplina y \u00e9tica profesional que dejar\u00e1 como legado a las futuras generaciones.<\/p>\n\n\n\n<p>En 1998 fund\u00f3 el semanario \u201cEl Taxista News\u201d, 15 a\u00f1os despu\u00e9s junto al periodista F\u00e9lix Grant ingresa a la era digital y fundan el portal \u201c<a href=\"http:\/\/eltaxistanews.com\/\" target=\"_blank\" rel=\"noreferrer noopener\">eltaxistanews.com<\/a>\u201d con las buenas intenciones de seguir aportando m\u00e1s y defender la industria del taxi Livery en la Gran Manzana, la cual es dominada ampliamente por dominicanos.<\/p>\n\n\n\n<p>Le sobreviven su esposa Ingrid Imbert de Rodr\u00edguez, sus hijos Kendy, Kenia, Ada, Lily, Joel, Sammy, Erick, Joe, Anthony, Nicole, Marc\u00f3, y Miguel, adem\u00e1s, sus hermanos Rodolfo, Mario, Lidia, Gladys, Mery y Frank.<\/p>\n\n\n\n<p>El periodista Grant, jefe de redacci\u00f3n del peri\u00f3dico y en nombre de la familia, exhorta a la comunidad en general asistir a la Funeraria para darle el \u00faltimo adi\u00f3s y unirnos en solidaridad con su familia.<\/p>\n\n\n\n<p><\/p>\n","protected":false},"excerpt":{"rendered":"<p>Por Ram\u00f3n Mercedes &nbsp;NUEVA YORK.-&nbsp;Los restos del fenecido fundador-director del peri\u00f3dico comunitario alternativo \u201cEl Taxista News\u201d, Jos\u00e9 Rodr\u00edguez, ser\u00e1n expuestos este domingo en el Alto Manhattan. Los servicios f\u00fanebres ser\u00e1n a partir de las 4:00 de la tarde hasta las 7:00 de la noche en la \u201cFuneraria International &amp; Cremation Services\u201d, localizada en el 1761 [&hellip;]<\/p>\n","protected":false},"author":7,"featured_media":307854,"comment_status":"closed","ping_status":"","sticky":true,"template":"","format":"standard","meta":{"footnotes":""},"categories":[23,27],"tags":[],"class_list":["post-307849","post","type-post","status-publish","format-standard","has-post-thumbnail","hentry","category-internacional","category-portada"],"_links":{"self":[{"href":"https:\/\/diariodominicano.com\/index.php?rest_route=\/wp\/v2\/posts\/307849","targetHints":{"allow":["GET"]}}],"collection":[{"href":"https:\/\/diariodominicano.com\/index.php?rest_route=\/wp\/v2\/posts"}],"about":[{"href":"https:\/\/diariodominicano.com\/index.php?rest_route=\/wp\/v2\/types\/post"}],"author":[{"embeddable":true,"href":"https:\/\/diariodominicano.com\/index.php?rest_route=\/wp\/v2\/users\/7"}],"replies":[{"embeddable":true,"href":"https:\/\/diariodominicano.com\/index.php?rest_route=%2Fwp%2Fv2%2Fcomments&post=307849"}],"version-history":[{"count":2,"href":"https:\/\/diariodominicano.com\/index.php?rest_route=\/wp\/v2\/posts\/307849\/revisions"}],"predecessor-version":[{"id":307871,"href":"https:\/\/diariodominicano.com\/index.php?rest_route=\/wp\/v2\/posts\/307849\/revisions\/307871"}],"wp:featuredmedia":[{"embeddable":true,"href":"https:\/\/diariodominicano.com\/index.php?rest_route=\/wp\/v2\/media\/307854"}],"wp:attachment":[{"href":"https:\/\/diariodominicano.com\/index.php?rest_route=%2Fwp%2Fv2%2Fmedia&parent=307849"}],"wp:term":[{"taxonomy":"category","embeddable":true,"href":"https:\/\/diariodominicano.com\/index.php?rest_route=%2Fwp%2Fv2%2Fcategories&post=307849"},{"taxonomy":"post_tag","embeddable":true,"href":"https:\/\/diariodominicano.com\/index.php?rest_route=%2Fwp%2Fv2%2Ftags&post=307849"}],"curies":[{"name":"wp","href":"https:\/\/api.w.org\/{rel}","templated":true}]}}