{"id":307826,"date":"2021-11-12T22:21:07","date_gmt":"2021-11-13T02:21:07","guid":{"rendered":"http:\/\/diariodominicano.com\/?p=307826"},"modified":"2021-11-12T22:21:07","modified_gmt":"2021-11-13T02:21:07","slug":"anuncian-reanudacion-de-venta-de-combustible-en-haiti","status":"publish","type":"post","link":"https:\/\/diariodominicano.com\/?p=307826","title":{"rendered":"Anuncian reanudaci\u00f3n de venta de combustible en Hait\u00ed"},"content":{"rendered":"\n<p>diariodominicano.com<\/p>\n\n\n\n<p>Puerto Pr\u00edncipe, 12 nov (Prensa Latina) La Asociaci\u00f3n Nacional de Distribuidores de Productos Petrol\u00edferos de Hait\u00ed anunci\u00f3 hoy que la venta en las estaciones podr\u00eda reanudarse el domingo, luego de la tregua ofrecida por las pandillas que bloquearon los suministros.<\/p>\n\n\n\n<p>Anadipp confirm\u00f3 que la terminal petrolera Varreux reinici\u00f3 sus actividades y las compa\u00f1\u00edas tienen previsto abastecer de manera prioritaria a las gasolineras.<\/p>\n\n\n\n<div class=\"wp-block-image\"><figure class=\"alignleft size-full is-resized\"><img loading=\"lazy\" decoding=\"async\" src=\"https:\/\/diariodominicano.com\/wp-content\/uploads\/2021\/11\/Haiti-Fuel-12-11-21.jpg\" alt=\"\" class=\"wp-image-307832\" width=\"307\" height=\"203\" srcset=\"https:\/\/diariodominicano.com\/wp-content\/uploads\/2021\/11\/Haiti-Fuel-12-11-21.jpg 900w, https:\/\/diariodominicano.com\/wp-content\/uploads\/2021\/11\/Haiti-Fuel-12-11-21-768x511.jpg 768w, https:\/\/diariodominicano.com\/wp-content\/uploads\/2021\/11\/Haiti-Fuel-12-11-21-816x543.jpg 816w\" sizes=\"auto, (max-width: 307px) 100vw, 307px\" \/><\/figure><\/div>\n\n\n\n<p>Desde junio la distribuci\u00f3n de combustibles se ralentiz\u00f3 por los hostiles enfrentamientos de las pandillas para controlar Martissant, situado en la salida sur de la capital, sin embargo, la situaci\u00f3n se deterior\u00f3 a partir de mediados de octubre por el bloqueo de la federaci\u00f3n de bandas G-9 y aliados a Varreux que almacena cerca del 70 por ciento de las existencias de combustible.<\/p>\n\n\n\n<p>La crisis oblig\u00f3 el cierre o la reducci\u00f3n de servicios de empresas e instituciones estatales como hospitales, bancos, escuelas, comercios, compa\u00f1\u00edas telef\u00f3nicas, adem\u00e1s de aumentar los precios de la canasta b\u00e1sica.<\/p>\n\n\n\n<p>Asimismo, los costos del combustible en el mercado informal alcanzaron siete veces su valor, incrementando as\u00ed la transportaci\u00f3n colectiva.<\/p>\n\n\n\n<p>Este viernes, Barbecue anunci\u00f3 una tregua que permitir\u00eda el abastecimiento de las entidades p\u00fablicas y privadas, periodo de gracia que durar\u00e1 hasta el 18 de noviembre.<\/p>\n\n\n\n<p>\u201cA partir de hoy los camiones cisterna puede avituallarse sin preocupaci\u00f3n, hoy mismo todos los choferes de transporte pueden empezar a trabajar. Hospitales, negocios, universidad y embajadas pueden comprar gas en las bombas\u201d, dijo Barbecue, desde un podio improvisado acompa\u00f1ado por dos banderas de Hait\u00ed.<\/p>\n\n\n\n<p>Horas despu\u00e9s del anuncio del pandillero, el controvertido Core Group, formado por embajadores y representantes de organismos internacionales, expres\u00f3 preocupaci\u00f3n por la crisis, as\u00ed como por su impacto humanitario, econ\u00f3mico y social en la poblaci\u00f3n haitiana.<\/p>\n\n\n\n<p>La ONU tambi\u00e9n alert\u00f3 que la escasez del rubro es un grave obst\u00e1culo para la prestaci\u00f3n de servicios esenciales y la circulaci\u00f3n de personas y mercanc\u00edas, y llam\u00f3 a acciones urgentes para garantizar el suministro sostenible y seguro de los carburantes.<\/p>\n\n\n\n<p>mem\/ane<\/p>\n","protected":false},"excerpt":{"rendered":"<p>diariodominicano.com Puerto Pr\u00edncipe, 12 nov (Prensa Latina) La Asociaci\u00f3n Nacional de Distribuidores de Productos Petrol\u00edferos de Hait\u00ed anunci\u00f3 hoy que la venta en las estaciones podr\u00eda reanudarse el domingo, luego de la tregua ofrecida por las pandillas que bloquearon los suministros. Anadipp confirm\u00f3 que la terminal petrolera Varreux reinici\u00f3 sus actividades y las compa\u00f1\u00edas tienen [&hellip;]<\/p>\n","protected":false},"author":5,"featured_media":307831,"comment_status":"closed","ping_status":"","sticky":true,"template":"","format":"standard","meta":{"footnotes":""},"categories":[23,27],"tags":[],"class_list":["post-307826","post","type-post","status-publish","format-standard","has-post-thumbnail","hentry","category-internacional","category-portada"],"_links":{"self":[{"href":"https:\/\/diariodominicano.com\/index.php?rest_route=\/wp\/v2\/posts\/307826","targetHints":{"allow":["GET"]}}],"collection":[{"href":"https:\/\/diariodominicano.com\/index.php?rest_route=\/wp\/v2\/posts"}],"about":[{"href":"https:\/\/diariodominicano.com\/index.php?rest_route=\/wp\/v2\/types\/post"}],"author":[{"embeddable":true,"href":"https:\/\/diariodominicano.com\/index.php?rest_route=\/wp\/v2\/users\/5"}],"replies":[{"embeddable":true,"href":"https:\/\/diariodominicano.com\/index.php?rest_route=%2Fwp%2Fv2%2Fcomments&post=307826"}],"version-history":[{"count":1,"href":"https:\/\/diariodominicano.com\/index.php?rest_route=\/wp\/v2\/posts\/307826\/revisions"}],"predecessor-version":[{"id":307833,"href":"https:\/\/diariodominicano.com\/index.php?rest_route=\/wp\/v2\/posts\/307826\/revisions\/307833"}],"wp:featuredmedia":[{"embeddable":true,"href":"https:\/\/diariodominicano.com\/index.php?rest_route=\/wp\/v2\/media\/307831"}],"wp:attachment":[{"href":"https:\/\/diariodominicano.com\/index.php?rest_route=%2Fwp%2Fv2%2Fmedia&parent=307826"}],"wp:term":[{"taxonomy":"category","embeddable":true,"href":"https:\/\/diariodominicano.com\/index.php?rest_route=%2Fwp%2Fv2%2Fcategories&post=307826"},{"taxonomy":"post_tag","embeddable":true,"href":"https:\/\/diariodominicano.com\/index.php?rest_route=%2Fwp%2Fv2%2Ftags&post=307826"}],"curies":[{"name":"wp","href":"https:\/\/api.w.org\/{rel}","templated":true}]}}