{"id":307815,"date":"2021-11-12T21:59:46","date_gmt":"2021-11-13T01:59:46","guid":{"rendered":"http:\/\/diariodominicano.com\/?p=307815"},"modified":"2021-11-12T21:59:46","modified_gmt":"2021-11-13T01:59:46","slug":"tribunal-de-san-cristobal-continuara-el-martes-con-la-coercion-contra-15-imputados-del-caso-larva","status":"publish","type":"post","link":"https:\/\/diariodominicano.com\/?p=307815","title":{"rendered":"Tribunal de San Crist\u00f3bal continuar\u00e1 el martes con la coerci\u00f3n contra 15 imputados del Caso Larva"},"content":{"rendered":"\n<p><\/p>\n\n\n\n<p> <strong>La procuradora de corte Ramona Nova Cabrera, titular interina de la Procuradur\u00eda Especializada Antilavado de Activos y Financiamiento del Terrorismo, dijo que la audiencia se aplaz\u00f3 porque despu\u00e9s de un receso uno de los abogados defensores se ausent\u00f3 del sal\u00f3n. <\/strong><\/p>\n\n\n\n<p><strong>SAN CRIST\u00d3BAL, Rep\u00fablica Dominicana.-<\/strong> La Oficina Judicial de Servicios de Atenci\u00f3n Permanente de la provincia San Crist\u00f3bal  continuar\u00e1 el pr\u00f3ximo martes con el conocimiento de la medida de coerci\u00f3n solicitada por el Ministerio P\u00fablico contra los 15 imputados de lavado de activos del narcotr\u00e1fico en el Caso Larva, para quienes pide 18 meses de prisi\u00f3n preventiva y que el caso sea declarado complejo.<\/p>\n\n\n\n<p>La procuradora de corte Ramona Nova Cabrera, titular interina de la Procuradur\u00eda Especializada Antilavado de Activos y Financiamiento del Terrorismo, dijo que la audiencia se aplaz\u00f3 porque despu\u00e9s de un receso uno de los abogados defensores se ausent\u00f3 del sal\u00f3n.<\/p>\n\n\n\n<p>La representante del Ministerio P\u00fablico explic\u00f3 que la audiencia continuar\u00e1 el martes 16 de noviembre al mediod\u00eda.<\/p>\n\n\n\n<p>Sobre el proceso, dijo que est\u00e1 pendiente el conocimiento de la fusi\u00f3n del expediente del imputado Domingo Ventura, el \u00faltimo que fue arrestado en esta etapa de la investigaci\u00f3n por su vinculaci\u00f3n con la red.<\/p>\n\n\n\n<p>En la audiencia de este viernes la jueza de atenci\u00f3n permanente Katherine Rubio Matos conoci\u00f3 un incidente de la defensa sobre la competencia de jurisdicci\u00f3n para conocer el caso, cuyo fallo qued\u00f3 pendiente para el martes.<\/p>\n\n\n\n<p>El proceso se sigue, adem\u00e1s de Ventura, contra Jorge Luis Herasme Estrella, Mar\u00eda Mercedes Ramona Estrella, Sarai Esther Herasme Estrella, Luis Ney Herasme Pe\u00f1a, James Alexander Gonz\u00e1lez Cubilette, Joivel Alexander Gonz\u00e1lez Cubilette, \u00c1ngelo Spataro Rodr\u00edguez (Soni y\/o El Italiano), Elizabeth Spataro Rodr\u00edguez, Santa Fausta Rodr\u00edguez, Ram\u00f3n Eduardo Pi\u00f1a Reyes (Bomb\u00f3n y\/o Guardia), Luis Jim\u00e9nez (Bons\u00e1i y\/o Luis Hookah), Miguel Ram\u00f3n Santos Compr\u00e9s (Ray), Yira Mariela Zimmermann y Rusber Jos\u00e9 Suarez D\u00edaz (Ojitos).<\/p>\n\n\n\n<p>En tanto que como entidades con personer\u00eda jur\u00eddica encauzadas la acusaci\u00f3n incluye a Presta Bella Vista S.R.L, Inversiones Herasme P\u00e9rez S. A, Upper Promoci\u00f3n S.R.L, J&amp;H Administraci\u00f3n y Servicios S.R.L, H &amp; S inmobiliaria, S.R.L, Inversiones y Servicios Jorge y Mar\u00eda, RSD Geo Soluciones S.R.L, Rujoda Trading S.R.L, Agente de Cambio Estrella S.A., Grupo Intex Dominicana, S.R.L, Suplicor S.R.L, Corporaci\u00f3n de Cr\u00e9dito Corona (Cocreco), Blue Meadow Group S.R.L, Spataro Italian Foodmarker S.R.L., Nayali Moda Italiana S.R.L., Grupo Arconsa S.R.L, Dirotec Grupo de Inversiones, S.R.L. y Financiera GDNIPI, S.R.L.<\/p>\n\n\n\n<p>El equipo del Ministerio P\u00fablico en este caso adem\u00e1s est\u00e1 integrado por los fiscales Ramona Santana Uceta, titular interina de San Crist\u00f3bal, Luis Alberto Garc\u00eda, Daryl Montes de Oca, Laura Segura, Fanny Garabito, Eduardo Vel\u00e1squez y Elvira Rodr\u00edguez.<\/p>\n\n\n\n<p>El pasado 27 de octubre el Ministerio P\u00fablico desmantel\u00f3 la red de lavado de activos en coordinaci\u00f3n con el Centro de Informaci\u00f3n y Coordinaci\u00f3n Conjuntas (CICC) y la Direcci\u00f3n de Investigaciones Financieras (Difla) de la Direcci\u00f3n Nacional de Control de Drogas (DNCD).<\/p>\n\n\n\n<p>Los involucrados en el Caso Larva forman parte de una organizaci\u00f3n criminal dedicada a traficar drogas y a lavar activos producto de operaciones de narcotr\u00e1fico a gran escala, ha establecido el Ministerio P\u00fablico durante la investigaci\u00f3n.<\/p>\n\n\n\n<p>El entramado criminal est\u00e1 vinculado a una red de narcotr\u00e1fico denominada Corona, que el 16 de marzo de 2020 introdujo al pa\u00eds la cantidad de 724.35 kilogramos de coca\u00edna clorhidratada, por la costa de Nigua, provincia San Crist\u00f3bal, en una embarcaci\u00f3n proveniente de Colombia.<\/p>\n\n\n\n<p>El 15 de septiembre de 2020 la Fiscal\u00eda de San Crist\u00f3bal y la Procuradur\u00eda Especializada de Antilavado de Activos y Financiamiento del Terrorismo presentaron acusaci\u00f3n contra Jos\u00e9 An\u00edbal Gonz\u00e1lez Luna, Jos\u00e9 An\u00edbal Gonz\u00e1lez Cubilete (El Don), Manuel Alejandro Lara Mart\u00ednez, Julio Ignacio Morel Adames y otros 12 implicados en el Caso Corona, en el que las autoridades ocuparon un arsenal, incluyendo tres fusiles y una metralleta.<\/p>\n\n\n\n<p><strong>Direcci\u00f3n de Comunicaci\u00f3n y Prensa<\/strong><\/p>\n\n\n\n<p><strong>Procuradur\u00eda General-Ministerio P\u00fablico RD<\/strong><\/p>\n\n\n\n<p><strong>Viernes, 12 de noviembre de 2021.<\/strong><\/p>\n","protected":false},"excerpt":{"rendered":"<p>La procuradora de corte Ramona Nova Cabrera, titular interina de la Procuradur\u00eda Especializada Antilavado de Activos y Financiamiento del Terrorismo, dijo que la audiencia se aplaz\u00f3 porque despu\u00e9s de un receso uno de los abogados defensores se ausent\u00f3 del sal\u00f3n. SAN CRIST\u00d3BAL, Rep\u00fablica Dominicana.- La Oficina Judicial de Servicios de Atenci\u00f3n Permanente de la provincia [&hellip;]<\/p>\n","protected":false},"author":2,"featured_media":307816,"comment_status":"closed","ping_status":"","sticky":true,"template":"","format":"standard","meta":{"footnotes":""},"categories":[24,27],"tags":[],"class_list":["post-307815","post","type-post","status-publish","format-standard","has-post-thumbnail","hentry","category-justicia-y-derecho","category-portada"],"_links":{"self":[{"href":"https:\/\/diariodominicano.com\/index.php?rest_route=\/wp\/v2\/posts\/307815","targetHints":{"allow":["GET"]}}],"collection":[{"href":"https:\/\/diariodominicano.com\/index.php?rest_route=\/wp\/v2\/posts"}],"about":[{"href":"https:\/\/diariodominicano.com\/index.php?rest_route=\/wp\/v2\/types\/post"}],"author":[{"embeddable":true,"href":"https:\/\/diariodominicano.com\/index.php?rest_route=\/wp\/v2\/users\/2"}],"replies":[{"embeddable":true,"href":"https:\/\/diariodominicano.com\/index.php?rest_route=%2Fwp%2Fv2%2Fcomments&post=307815"}],"version-history":[{"count":1,"href":"https:\/\/diariodominicano.com\/index.php?rest_route=\/wp\/v2\/posts\/307815\/revisions"}],"predecessor-version":[{"id":307817,"href":"https:\/\/diariodominicano.com\/index.php?rest_route=\/wp\/v2\/posts\/307815\/revisions\/307817"}],"wp:featuredmedia":[{"embeddable":true,"href":"https:\/\/diariodominicano.com\/index.php?rest_route=\/wp\/v2\/media\/307816"}],"wp:attachment":[{"href":"https:\/\/diariodominicano.com\/index.php?rest_route=%2Fwp%2Fv2%2Fmedia&parent=307815"}],"wp:term":[{"taxonomy":"category","embeddable":true,"href":"https:\/\/diariodominicano.com\/index.php?rest_route=%2Fwp%2Fv2%2Fcategories&post=307815"},{"taxonomy":"post_tag","embeddable":true,"href":"https:\/\/diariodominicano.com\/index.php?rest_route=%2Fwp%2Fv2%2Ftags&post=307815"}],"curies":[{"name":"wp","href":"https:\/\/api.w.org\/{rel}","templated":true}]}}