{"id":307755,"date":"2021-11-12T17:36:36","date_gmt":"2021-11-12T21:36:36","guid":{"rendered":"http:\/\/diariodominicano.com\/?p=307755"},"modified":"2021-11-12T22:46:24","modified_gmt":"2021-11-13T02:46:24","slug":"tribunal-de-san-pedro-de-macoris-dicta-20-anos-de-prision-a-hombre-que-agredio-sexualmente-y-robo-pertenencias-a-dos-mujeres","status":"publish","type":"post","link":"https:\/\/diariodominicano.com\/?p=307755","title":{"rendered":"Tribunal de San Pedro de Macor\u00eds dicta 20 a\u00f1os de prisi\u00f3n a hombre que agredi\u00f3 sexualmente  y rob\u00f3 pertenencias a dos mujeres"},"content":{"rendered":"\n<p><strong>El Tribunal Colegiado de San Pedro de Macor\u00eds dispuso que Alexander Menor S\u00e1nchez cumpla la pena en el Centro de Correcci\u00f3n y Rehabilitaci\u00f3n de San Pedro de Macor\u00eds y pague una multa de RD$100 mil, tras declararlo culpable de los cr\u00edmenes de violaci\u00f3n sexual y robo agravado en perjuicio de las dos mujeres, cuyos nombres se omiten para proteger su integridad.&nbsp;<\/strong><\/p>\n\n\n\n<p><strong>SAN PEDRO DE MACOR\u00cdS, Rep\u00fablica Dominicana, 12 de noviembre.-<\/strong>&nbsp;Un tribunal del  distrito judicial San Pedro de Macor\u00eds conden\u00f3 a 20 a\u00f1os de prisi\u00f3n a un hombre acusado por el Ministerio P\u00fablico de violar sexualmente a dos mujeres y robarles sus pertenencias en distintos hechos ocurridos en el sector 24 de Abril, en 2019.&nbsp;<\/p>\n\n\n\n<p>El Tribunal Colegiado de San Pedro de Macor\u00eds dispuso que Alexander Menor S\u00e1nchez cumpla la pena en el Centro de Correcci\u00f3n y Rehabilitaci\u00f3n de esta provincia y pague una multa de RD$100 mil, tras declararlo culpable de los cr\u00edmenes de violaci\u00f3n sexual y robo agravado en perjuicio de las dos mujeres, cuyos nombres se omiten para proteger su integridad.&nbsp;<\/p>\n\n\n\n<p>Los jueces Juan de la Cruz Rijo G\u00fc\u00edlamo, Bethania del Carmen Conce Polanco y Esmirna Antonia Ortega Ventura acogieron los presupuestos del Ministerio P\u00fablico, que acus\u00f3 al procesado de violaci\u00f3n a disposiciones de los art\u00edculos 331, 379, 382 y 384 del C\u00f3digo Penal Dominicano.&nbsp;<\/p>\n\n\n\n<p>En el&nbsp;proceso,&nbsp;el fiscal&nbsp;Pedro Adael Garc\u00eda de Pe\u00f1a, del Departamento de Litigaci\u00f3n Final, aport\u00f3 al tribunal suficientes pruebas testimoniales, documentales y periciales con las que prob\u00f3 la responsabilidad penal de Menor S\u00e1nchez.&nbsp;<\/p>\n\n\n\n<p>El expediente se\u00f1ala que el 23 de abril de 2019, a las 2:40 de la madrugada, el hoy condenado rompi\u00f3 una puerta, ingres\u00f3 a la vivienda de una de sus v\u00edctimas y, portando un arma blanca, la viol\u00f3, adem\u00e1s de sustraerle tres mil pesos en efectivo.<\/p>\n\n\n\n<p>Indica que posteriormente, alrededor de las 3:30 de la madrugada de ese mismo d\u00eda, penetr\u00f3 a la casa de su otra v\u00edctima, a quien tambi\u00e9n viol\u00f3 y le sustrajo un celular, una bocina peque\u00f1a y un televisor, entre otras pertenencias.<\/p>\n\n\n\n<p><strong>Direcci\u00f3n de Comunicaci\u00f3n y Prensa<\/strong><\/p>\n\n\n\n<p><strong>Procuradur\u00eda General-Ministerio P\u00fablico RD<\/strong><\/p>\n\n\n\n<p><strong>Viernes, 12 de noviembre de 2021.<\/strong><\/p>\n","protected":false},"excerpt":{"rendered":"<p>El Tribunal Colegiado de San Pedro de Macor\u00eds dispuso que Alexander Menor S\u00e1nchez cumpla la pena en el Centro de Correcci\u00f3n y Rehabilitaci\u00f3n de San Pedro de Macor\u00eds y pague una multa de RD$100 mil, tras declararlo culpable de los cr\u00edmenes de violaci\u00f3n sexual y robo agravado en perjuicio de las dos mujeres, cuyos nombres [&hellip;]<\/p>\n","protected":false},"author":2,"featured_media":262982,"comment_status":"closed","ping_status":"","sticky":true,"template":"","format":"standard","meta":{"footnotes":""},"categories":[24,27],"tags":[],"class_list":["post-307755","post","type-post","status-publish","format-standard","has-post-thumbnail","hentry","category-justicia-y-derecho","category-portada"],"_links":{"self":[{"href":"https:\/\/diariodominicano.com\/index.php?rest_route=\/wp\/v2\/posts\/307755","targetHints":{"allow":["GET"]}}],"collection":[{"href":"https:\/\/diariodominicano.com\/index.php?rest_route=\/wp\/v2\/posts"}],"about":[{"href":"https:\/\/diariodominicano.com\/index.php?rest_route=\/wp\/v2\/types\/post"}],"author":[{"embeddable":true,"href":"https:\/\/diariodominicano.com\/index.php?rest_route=\/wp\/v2\/users\/2"}],"replies":[{"embeddable":true,"href":"https:\/\/diariodominicano.com\/index.php?rest_route=%2Fwp%2Fv2%2Fcomments&post=307755"}],"version-history":[{"count":3,"href":"https:\/\/diariodominicano.com\/index.php?rest_route=\/wp\/v2\/posts\/307755\/revisions"}],"predecessor-version":[{"id":307840,"href":"https:\/\/diariodominicano.com\/index.php?rest_route=\/wp\/v2\/posts\/307755\/revisions\/307840"}],"wp:featuredmedia":[{"embeddable":true,"href":"https:\/\/diariodominicano.com\/index.php?rest_route=\/wp\/v2\/media\/262982"}],"wp:attachment":[{"href":"https:\/\/diariodominicano.com\/index.php?rest_route=%2Fwp%2Fv2%2Fmedia&parent=307755"}],"wp:term":[{"taxonomy":"category","embeddable":true,"href":"https:\/\/diariodominicano.com\/index.php?rest_route=%2Fwp%2Fv2%2Fcategories&post=307755"},{"taxonomy":"post_tag","embeddable":true,"href":"https:\/\/diariodominicano.com\/index.php?rest_route=%2Fwp%2Fv2%2Ftags&post=307755"}],"curies":[{"name":"wp","href":"https:\/\/api.w.org\/{rel}","templated":true}]}}