{"id":307751,"date":"2021-11-12T17:31:10","date_gmt":"2021-11-12T21:31:10","guid":{"rendered":"http:\/\/diariodominicano.com\/?p=307751"},"modified":"2021-11-12T17:31:57","modified_gmt":"2021-11-12T21:31:57","slug":"director-pn-mayor-general-alberto-then-reconoce-trayectoria-y-vocacion-de-servicio-de-generales-retirados-de-la-policia-nacional","status":"publish","type":"post","link":"https:\/\/diariodominicano.com\/?p=307751","title":{"rendered":"Director PN Mayor general Alberto Then reconoce trayectoria y vocaci\u00f3n de servicio de generales retirados de la Polic\u00eda Nacional"},"content":{"rendered":"\n<p> <strong>\u201cAgradezco a ustedes los que me anteceden por su vocaci\u00f3n de servicio. A los hombres que dejaron sus vidas en la Polic\u00eda Nacional luchar\u00e9 por ustedes por su dignidad\u201d, expres\u00f3 el mayor general Alberto Then, al dirigirse a los presentes. <\/strong><\/p>\n\n\n\n<p><strong>Santo Domingo, RD.-<\/strong> El director General de la Polic\u00eda Nacional, mayor general Eduardo Alberto Then, particip\u00f3 en un encuentro con los miembros del Instituto de Generales Retirados (Igrepol), a fin de reafirmar la hermandad y respeto hacia los oficiales puesto en situaci\u00f3n de retiro, saludando a los que fueron sus superiores y de abrazar a quienes fueron sus subalternos.<\/p>\n\n\n\n<p>Con actitud humilde y solidaria, el mayor general Alberto Then agradeci\u00f3 a los veteranos el trabajo y dedicaci\u00f3n durante sus a\u00f1os de trabajo en favor de su instituci\u00f3n y la sociedad en general.<\/p>\n\n\n\n<p><strong>Personalidades<\/strong><\/p>\n\n\n\n<p>En este encuentro estuvieron presentes el presidente del Igrepol&nbsp; general \u00ae Rafael D. Ram\u00edrez Vidal; el mayor general paracaidista de la Fuerza A\u00e9rea de Rep\u00fablica Dominicana, FARD, Rafael E. Betances Nivar, presidente del Instituto de Generales y Almirantes de la Fuerza Armadas en Retiro (Igafar); el mayor general\u00ae Jos\u00e9 Ram\u00f3n L\u00f3pez Peralta, ERD, presidente de la Hermandad de Veteranos Pensionados de las FF.AA y la PN, y el general \u00ae Mariano Mad\u00e9 Ram\u00edrez, director de la Reserva de la Polic\u00eda Nacional.<\/p>\n\n\n\n<p>Tambi\u00e9n estuvieron presentes los ex jefes de la Polic\u00eda Nacional los mayores generales\u00ae Rafael del Socorro Payams, Jos\u00e9 An\u00edbal Sanz Jimini\u00e1n y Antonio Segundo Imbert Tesson.<\/p>\n\n\n\n<p>De igual manera, asistieron los coroneles Pedro Cordero Ubr\u00ed, director de Asuntos Legales, y Jos\u00e9 D\u00b4 \u00d3leo Ram\u00edrez, director del Comit\u00e9 de Retiro de la Polic\u00eda Nacional (Corepol).<\/p>\n\n\n\n<p><strong>Respaldo y agradecimiento<\/strong><\/p>\n\n\n\n<p>\u201cAgradezco a ustedes los que me anteceden por su vocaci\u00f3n de servicio. A los hombres que dejaron sus vidas en la Polic\u00eda Nacional luchar\u00e9 por ustedes por su dignidad\u201d, expres\u00f3 el mayor general Alberto Then, al dirigirse a los presentes.<\/p>\n\n\n\n<p>Reiter\u00f3 que trabajar\u00e1 en todo lo que est\u00e9 a su alcance para apoyar las causas que beneficien a los hombres y mujeres que portaron el uniforme con dignidad. Asimismo, el alto oficial se\u00f1al\u00f3 el trabajo del presidente de la Rep\u00fablica Luis Abinader para beneficiar a la Polic\u00eda Nacional en estos momentos.<\/p>\n\n\n\n<p><strong>Bienestar para todos<\/strong><\/p>\n\n\n\n<p>En otro orden, al tratar el tema de los trabajos que se realizan en la reforma policial en estos momentos para la transformaci\u00f3n y profesionalizaci\u00f3n de la instituci\u00f3n del orden, manifest\u00f3 que a trav\u00e9s de ella habr\u00e1 un antes y un despu\u00e9s para que sus miembros se sientan orgullosos de ser polic\u00edas.&nbsp;<\/p>\n\n\n\n<p>Se\u00f1al\u00f3 a los presentes que se est\u00e1 trabajando internamente en la instituci\u00f3n del orden para que no haya divisiones desde el raso hasta el general, al decir que \u201ctodos somos la Polic\u00eda Nacional y servimos a la sociedad\u201d.<\/p>\n\n\n\n<p>Al final de la actividad, las autoridades presentes acompa\u00f1aron al mayor general Eduardo Alberto Then en un almuerzo en su honor.<\/p>\n\n\n\n<p>Prensa Policia Nacional<a target=\"_blank\" href=\"mailto:prensadigitalpn@gmail.com\" rel=\"noreferrer noopener\">prensadigitalpn@gmail.com<\/a><\/p>\n","protected":false},"excerpt":{"rendered":"<p>\u201cAgradezco a ustedes los que me anteceden por su vocaci\u00f3n de servicio. A los hombres que dejaron sus vidas en la Polic\u00eda Nacional luchar\u00e9 por ustedes por su dignidad\u201d, expres\u00f3 el mayor general Alberto Then, al dirigirse a los presentes. Santo Domingo, RD.- El director General de la Polic\u00eda Nacional, mayor general Eduardo Alberto Then, [&hellip;]<\/p>\n","protected":false},"author":2,"featured_media":307752,"comment_status":"closed","ping_status":"","sticky":true,"template":"","format":"standard","meta":{"footnotes":""},"categories":[24,27],"tags":[],"class_list":["post-307751","post","type-post","status-publish","format-standard","has-post-thumbnail","hentry","category-justicia-y-derecho","category-portada"],"_links":{"self":[{"href":"https:\/\/diariodominicano.com\/index.php?rest_route=\/wp\/v2\/posts\/307751","targetHints":{"allow":["GET"]}}],"collection":[{"href":"https:\/\/diariodominicano.com\/index.php?rest_route=\/wp\/v2\/posts"}],"about":[{"href":"https:\/\/diariodominicano.com\/index.php?rest_route=\/wp\/v2\/types\/post"}],"author":[{"embeddable":true,"href":"https:\/\/diariodominicano.com\/index.php?rest_route=\/wp\/v2\/users\/2"}],"replies":[{"embeddable":true,"href":"https:\/\/diariodominicano.com\/index.php?rest_route=%2Fwp%2Fv2%2Fcomments&post=307751"}],"version-history":[{"count":2,"href":"https:\/\/diariodominicano.com\/index.php?rest_route=\/wp\/v2\/posts\/307751\/revisions"}],"predecessor-version":[{"id":307754,"href":"https:\/\/diariodominicano.com\/index.php?rest_route=\/wp\/v2\/posts\/307751\/revisions\/307754"}],"wp:featuredmedia":[{"embeddable":true,"href":"https:\/\/diariodominicano.com\/index.php?rest_route=\/wp\/v2\/media\/307752"}],"wp:attachment":[{"href":"https:\/\/diariodominicano.com\/index.php?rest_route=%2Fwp%2Fv2%2Fmedia&parent=307751"}],"wp:term":[{"taxonomy":"category","embeddable":true,"href":"https:\/\/diariodominicano.com\/index.php?rest_route=%2Fwp%2Fv2%2Fcategories&post=307751"},{"taxonomy":"post_tag","embeddable":true,"href":"https:\/\/diariodominicano.com\/index.php?rest_route=%2Fwp%2Fv2%2Ftags&post=307751"}],"curies":[{"name":"wp","href":"https:\/\/api.w.org\/{rel}","templated":true}]}}