{"id":307731,"date":"2021-11-12T15:50:08","date_gmt":"2021-11-12T19:50:08","guid":{"rendered":"http:\/\/diariodominicano.com\/?p=307731"},"modified":"2021-11-12T15:51:14","modified_gmt":"2021-11-12T19:51:14","slug":"presidente-abinader-exhorta-a-los-jovenes-emprendedores-a-nunca-rendirse-y-les-garantiza-respaldo-del-gobierno","status":"publish","type":"post","link":"https:\/\/diariodominicano.com\/?p=307731","title":{"rendered":"Presidente Abinader exhorta a los j\u00f3venes emprendedores a nunca rendirse y les garantiza respaldo del Gobierno"},"content":{"rendered":"\n<p>diariodominicano.com<\/p>\n\n\n\n<p>Santo Domingo, R.  D., 12 de noviembre, 2021.-\u00a0\u00a0El presidente Luis Abinader exhort\u00f3 a los j\u00f3venes emprendedores a nunca rendirse, a la vez que les asegur\u00f3 que contar\u00e1n con el apoyo posible del Gobierno para que sus ideas y sus proyectos se puedan hacer realidad.<\/p>\n\n\n\n<p>Mientras participaba en la inauguraci\u00f3n de la VIII Feria Emprendedores Rep\u00fablica Dominicana 2021, en \u00c1gora Mall, el gobernante afirm\u00f3 que hay grandes oportunidades y que vendr\u00e1n m\u00e1s.<\/p>\n\n\n\n<p>Dijo que por peque\u00f1as que sean las ideas de los emprendedores, todas son importantes. \u00abQue esos sue\u00f1os que ellos tienen de progreso, que nunca se rindan. Y que esos proyectos traten de llev\u00e1rnoslos a nosotros para desde el Gobierno poder apoyarlos\u00bb, precis\u00f3 el jefe de Estado.<\/p>\n\n\n\n<p>La Feria Emprendedores, a desarrollarse hoy y ma\u00f1ana, tiene como objetivo incentivar el esp\u00edritu emprendedor en j\u00f3venes y adultos del pa\u00eds.<\/p>\n\n\n\n<p>El ministro de Turismo, David Collado, es el propulsor de la feria desde hace ocho a\u00f1os. En su per\u00edodo como diputado fue su iniciativa la Ley 88-13 que declara el 12 de noviembre como D\u00eda Nacional del Emprendedor Dominicano.<\/p>\n\n\n\n<p>El ministro expres\u00f3 que a la primera feria, celebrada a\u00f1os atr\u00e1s, asistieron m\u00e1s de 12,000 personas, al tiempo que record\u00f3 las calamidades que pas\u00f3 en el inicio de sus proyectos personales en el 2002.<\/p>\n\n\n\n<p>El presidente Abinader y el ministro Collado entregaron reconocimientos a los empresarios y emprendedores Jos\u00e9 Luis Corripio, Jos\u00e9 Manuel Gonz\u00e1lez, Frank Rainieri, Jonathan De Pe\u00f1a y Luigi Su\u00e1rez.<\/p>\n\n\n\n<p>Manuel Corripio, al recibir distinci\u00f3n en nombre de su padre Jos\u00e9 Luis \u2013Pep\u00edn- Corripio, invit\u00f3 a los j\u00f3venes a mantener el esp\u00edritu de emprendimiento en su recorrido empresarial.<\/p>\n\n\n\n<p>En esta feria se estar\u00e1n exhibiendo proyectos innovadores, e incluye paneles de emprendimiento, conferencias y charlas. Adem\u00e1s, habr\u00e1 reconocimientos y premios para los participantes.<\/p>\n\n\n\n<p>Estuvieron presentes en la actividad el ministro de Industria y Comercio, V\u00edctor-Ito-Bisono; el director general de Aduanas, Eduardo Sanz Lovat\u00f3n; el presidente del Tribunal Constitucional, Milton Ray Guevara; el presidente ejecutivo del Banco Popular, Christopher Paniagua.<\/p>\n\n\n\n<p>Fuente: Direcci\u00f3n de Estrategia y Comunicaci\u00f3n Gubernamental<\/p>\n\n\n\n<p>Ministerio Administrativo de la Presidencia de la Rep\u00fablica Dominicana<\/p>\n\n\n\n<p><\/p>\n","protected":false},"excerpt":{"rendered":"<p>diariodominicano.com Santo Domingo, R. D., 12 de noviembre, 2021.-\u00a0\u00a0El presidente Luis Abinader exhort\u00f3 a los j\u00f3venes emprendedores a nunca rendirse, a la vez que les asegur\u00f3 que contar\u00e1n con el apoyo posible del Gobierno para que sus ideas y sus proyectos se puedan hacer realidad. Mientras participaba en la inauguraci\u00f3n de la VIII Feria Emprendedores [&hellip;]<\/p>\n","protected":false},"author":5,"featured_media":307734,"comment_status":"closed","ping_status":"","sticky":true,"template":"","format":"standard","meta":{"footnotes":""},"categories":[20,27],"tags":[],"class_list":["post-307731","post","type-post","status-publish","format-standard","has-post-thumbnail","hentry","category-dominicana-hoy","category-portada"],"_links":{"self":[{"href":"https:\/\/diariodominicano.com\/index.php?rest_route=\/wp\/v2\/posts\/307731","targetHints":{"allow":["GET"]}}],"collection":[{"href":"https:\/\/diariodominicano.com\/index.php?rest_route=\/wp\/v2\/posts"}],"about":[{"href":"https:\/\/diariodominicano.com\/index.php?rest_route=\/wp\/v2\/types\/post"}],"author":[{"embeddable":true,"href":"https:\/\/diariodominicano.com\/index.php?rest_route=\/wp\/v2\/users\/5"}],"replies":[{"embeddable":true,"href":"https:\/\/diariodominicano.com\/index.php?rest_route=%2Fwp%2Fv2%2Fcomments&post=307731"}],"version-history":[{"count":3,"href":"https:\/\/diariodominicano.com\/index.php?rest_route=\/wp\/v2\/posts\/307731\/revisions"}],"predecessor-version":[{"id":307735,"href":"https:\/\/diariodominicano.com\/index.php?rest_route=\/wp\/v2\/posts\/307731\/revisions\/307735"}],"wp:featuredmedia":[{"embeddable":true,"href":"https:\/\/diariodominicano.com\/index.php?rest_route=\/wp\/v2\/media\/307734"}],"wp:attachment":[{"href":"https:\/\/diariodominicano.com\/index.php?rest_route=%2Fwp%2Fv2%2Fmedia&parent=307731"}],"wp:term":[{"taxonomy":"category","embeddable":true,"href":"https:\/\/diariodominicano.com\/index.php?rest_route=%2Fwp%2Fv2%2Fcategories&post=307731"},{"taxonomy":"post_tag","embeddable":true,"href":"https:\/\/diariodominicano.com\/index.php?rest_route=%2Fwp%2Fv2%2Ftags&post=307731"}],"curies":[{"name":"wp","href":"https:\/\/api.w.org\/{rel}","templated":true}]}}