{"id":307728,"date":"2021-11-12T15:45:29","date_gmt":"2021-11-12T19:45:29","guid":{"rendered":"http:\/\/diariodominicano.com\/?p=307728"},"modified":"2021-11-12T15:45:29","modified_gmt":"2021-11-12T19:45:29","slug":"declaran-brote-de-sarampion-en-republica-democratica-del-congo","status":"publish","type":"post","link":"https:\/\/diariodominicano.com\/?p=307728","title":{"rendered":"Declaran brote de sarampi\u00f3n en Rep\u00fablica Democr\u00e1tica del Congo"},"content":{"rendered":"\n<p>diariodominicano.com<a rel=\"noreferrer noopener\" href=\"https:\/\/www.xinhua-news.com\/gdsdetailxhs\/share\/10599403-?pageflag=iframe\" target=\"_blank\"><\/a><\/p>\n\n\n\n<pre id=\"text-news-description\" class=\"wp-block-preformatted\">   KINSHASA, 12 nov (Xinhua) -- Autoridades de la Rep\u00fablica Democr\u00e1tica del Congo (RDC) declararon oficialmente hoy viernes un brote de sarampi\u00f3n en el este del pa\u00eds en la provincia de Maniema.\n   El brote fue confirmado con an\u00e1lisis de muestras realizados por el Instituto Nacional de Investigaci\u00f3n Biom\u00e9dica de RDC, indic\u00f3 el gobernador interino de Maniema, Affani Idrissa Mangala, quien agreg\u00f3 que la provincia ya ha reportado 458 casos, incluyendo 17 fallecimientos.\n   El gobernador interino pidi\u00f3 a la poblaci\u00f3n estar atenta y dirigirse al centro de salud m\u00e1s cercano en caso de fiebre, sarpullido generalizado, conjuntivitis, tos y fr\u00edo.\n   En Kinshasa, la capital del pa\u00eds, cuatro zonas sanitarias tambi\u00e9n han sido afectadas por el sarampi\u00f3n desde finales de agosto.<\/pre>\n","protected":false},"excerpt":{"rendered":"<p>diariodominicano.com KINSHASA, 12 nov (Xinhua) &#8212; Autoridades de la Rep\u00fablica Democr\u00e1tica del Congo (RDC) declararon oficialmente hoy viernes un brote de sarampi\u00f3n en el este del pa\u00eds en la provincia de Maniema. El brote fue confirmado con an\u00e1lisis de muestras realizados por el Instituto Nacional de Investigaci\u00f3n Biom\u00e9dica de RDC, indic\u00f3 el gobernador interino de [&hellip;]<\/p>\n","protected":false},"author":5,"featured_media":307729,"comment_status":"closed","ping_status":"","sticky":true,"template":"","format":"standard","meta":{"footnotes":""},"categories":[23,27],"tags":[],"class_list":["post-307728","post","type-post","status-publish","format-standard","has-post-thumbnail","hentry","category-internacional","category-portada"],"_links":{"self":[{"href":"https:\/\/diariodominicano.com\/index.php?rest_route=\/wp\/v2\/posts\/307728","targetHints":{"allow":["GET"]}}],"collection":[{"href":"https:\/\/diariodominicano.com\/index.php?rest_route=\/wp\/v2\/posts"}],"about":[{"href":"https:\/\/diariodominicano.com\/index.php?rest_route=\/wp\/v2\/types\/post"}],"author":[{"embeddable":true,"href":"https:\/\/diariodominicano.com\/index.php?rest_route=\/wp\/v2\/users\/5"}],"replies":[{"embeddable":true,"href":"https:\/\/diariodominicano.com\/index.php?rest_route=%2Fwp%2Fv2%2Fcomments&post=307728"}],"version-history":[{"count":1,"href":"https:\/\/diariodominicano.com\/index.php?rest_route=\/wp\/v2\/posts\/307728\/revisions"}],"predecessor-version":[{"id":307730,"href":"https:\/\/diariodominicano.com\/index.php?rest_route=\/wp\/v2\/posts\/307728\/revisions\/307730"}],"wp:featuredmedia":[{"embeddable":true,"href":"https:\/\/diariodominicano.com\/index.php?rest_route=\/wp\/v2\/media\/307729"}],"wp:attachment":[{"href":"https:\/\/diariodominicano.com\/index.php?rest_route=%2Fwp%2Fv2%2Fmedia&parent=307728"}],"wp:term":[{"taxonomy":"category","embeddable":true,"href":"https:\/\/diariodominicano.com\/index.php?rest_route=%2Fwp%2Fv2%2Fcategories&post=307728"},{"taxonomy":"post_tag","embeddable":true,"href":"https:\/\/diariodominicano.com\/index.php?rest_route=%2Fwp%2Fv2%2Ftags&post=307728"}],"curies":[{"name":"wp","href":"https:\/\/api.w.org\/{rel}","templated":true}]}}