{"id":307690,"date":"2021-11-12T12:54:29","date_gmt":"2021-11-12T16:54:29","guid":{"rendered":"http:\/\/diariodominicano.com\/?p=307690"},"modified":"2021-11-12T12:54:29","modified_gmt":"2021-11-12T16:54:29","slug":"reconocen-a-empresa-de-limpieza-en-thank-your-cleaner-day-2021","status":"publish","type":"post","link":"https:\/\/diariodominicano.com\/?p=307690","title":{"rendered":"Reconocen a empresa de limpieza en \u201cThank Your Cleaner Day 2021\u201d"},"content":{"rendered":"\n<p>diariodominicano.com<\/p>\n\n\n\n<p>Santo Domingo, R. D.,  12 de noviembre, 2021.-  La empresa Karcher S.R.L., sucursal para la Rep\u00fablica Dominicana y el Caribe de Alfred K\u00e4rcher GmbH, el mayor fabricante en el mundo de equipos y maquinarias para limpieza, reconoci\u00f3 al Grupo EULEN Rep\u00fablica Dominicana por su eficiencia y desempe\u00f1o en este sector, as\u00ed como por el uso de equipamiento de una manera rentable y respetuosa con el medio ambiente.<\/p>\n\n\n\n<p>El reconocimiento se hizo en el marco del \u201cThank Your Cleaner Day 2021\u201d, una actividad anual que se desarrolla desde hace siete a\u00f1os, en la que K\u00e4rcher pone en valor el trabajo de todos sus socios estrat\u00e9gicos. El evento se celebr\u00f3 en el hotel Holiday Inn de Santo Domingo, en el que clientes, entidades relacionadas y miembros del sector compartieron sus experiencias para abordar la limpieza de forma integral.<\/p>\n\n\n\n<p>\u201cEl servicio de limpieza del Grupo EULEN busca facilitar la vida de nuestros clientes, con soluciones eficaces y rentables para su cotidianidad, y K\u00e4rcher es una empresa que, como nosotros, busca integrar el compromiso social en las actividades propias que desarrolla, dentro de sector en que opera. Esto es un prop\u00f3sito que compartimos\u201d, explic\u00f3 Ar\u00edstides Salcedo, gerente de Servicios del Grupo EULEN Rep\u00fablica Dominicana.<\/p>\n\n\n\n<p>Actualmente, el Grupo EULEN Rep\u00fablica Dominicana tiene un equipo de m\u00e1s de 1.500 colaboradores que se dedica, y a ofrecer servicios de limpieza en general, incluyendo limpieza profunda, desinfecci\u00f3n y pulido de pisos, entre otros, a 300 empresas ubicadas en Santo Domingo (Distrito Nacional y municipios Norte y Este), tambi\u00e9n en Santiago y en Punta Cana.<\/p>\n\n\n\n<p>\u201cNuestros colaboradores trabajan en turnos de d\u00eda y noche, incluso tenemos personal para los fines de semana para mantener los espacios de trabajo de nuestros clientes limpios. En un contexto como el actual, es muy importante, porque la reapertura de las empresas se ha hecho en base a estrictos controles de bioseguridad donde tanto los operarios como los procesos de limpieza se han vuelto esenciales\u201d, apunt\u00f3 Salcedo.<\/p>\n\n\n\n<p>Fuente: Elena Crespo<\/p>\n","protected":false},"excerpt":{"rendered":"<p>diariodominicano.com Santo Domingo, R. D., 12 de noviembre, 2021.- La empresa Karcher S.R.L., sucursal para la Rep\u00fablica Dominicana y el Caribe de Alfred K\u00e4rcher GmbH, el mayor fabricante en el mundo de equipos y maquinarias para limpieza, reconoci\u00f3 al Grupo EULEN Rep\u00fablica Dominicana por su eficiencia y desempe\u00f1o en este sector, as\u00ed como por el [&hellip;]<\/p>\n","protected":false},"author":5,"featured_media":307693,"comment_status":"closed","ping_status":"","sticky":true,"template":"","format":"standard","meta":{"footnotes":""},"categories":[25,27],"tags":[],"class_list":["post-307690","post","type-post","status-publish","format-standard","has-post-thumbnail","hentry","category-gente","category-portada"],"_links":{"self":[{"href":"https:\/\/diariodominicano.com\/index.php?rest_route=\/wp\/v2\/posts\/307690","targetHints":{"allow":["GET"]}}],"collection":[{"href":"https:\/\/diariodominicano.com\/index.php?rest_route=\/wp\/v2\/posts"}],"about":[{"href":"https:\/\/diariodominicano.com\/index.php?rest_route=\/wp\/v2\/types\/post"}],"author":[{"embeddable":true,"href":"https:\/\/diariodominicano.com\/index.php?rest_route=\/wp\/v2\/users\/5"}],"replies":[{"embeddable":true,"href":"https:\/\/diariodominicano.com\/index.php?rest_route=%2Fwp%2Fv2%2Fcomments&post=307690"}],"version-history":[{"count":1,"href":"https:\/\/diariodominicano.com\/index.php?rest_route=\/wp\/v2\/posts\/307690\/revisions"}],"predecessor-version":[{"id":307694,"href":"https:\/\/diariodominicano.com\/index.php?rest_route=\/wp\/v2\/posts\/307690\/revisions\/307694"}],"wp:featuredmedia":[{"embeddable":true,"href":"https:\/\/diariodominicano.com\/index.php?rest_route=\/wp\/v2\/media\/307693"}],"wp:attachment":[{"href":"https:\/\/diariodominicano.com\/index.php?rest_route=%2Fwp%2Fv2%2Fmedia&parent=307690"}],"wp:term":[{"taxonomy":"category","embeddable":true,"href":"https:\/\/diariodominicano.com\/index.php?rest_route=%2Fwp%2Fv2%2Fcategories&post=307690"},{"taxonomy":"post_tag","embeddable":true,"href":"https:\/\/diariodominicano.com\/index.php?rest_route=%2Fwp%2Fv2%2Ftags&post=307690"}],"curies":[{"name":"wp","href":"https:\/\/api.w.org\/{rel}","templated":true}]}}