{"id":307688,"date":"2021-11-12T12:53:05","date_gmt":"2021-11-12T16:53:05","guid":{"rendered":"http:\/\/diariodominicano.com\/?p=307688"},"modified":"2021-11-12T12:53:05","modified_gmt":"2021-11-12T16:53:05","slug":"legisladores-se-comprometen-a-impulsar-proyecto-de-ley-137-03-sobre-trafico-ilicito-de-migrantes-y-trata-de-personas","status":"publish","type":"post","link":"https:\/\/diariodominicano.com\/?p=307688","title":{"rendered":"Legisladores se comprometen a impulsar proyecto de Ley 137-03 sobre tr\u00e1fico il\u00edcito de migrantes y trata de personas"},"content":{"rendered":"\n<p><strong>Santo Domingo, Rep\u00fablica Dominicana.&nbsp;<\/strong>El movimiento c\u00edvico&nbsp;Participaci\u00f3n Ciudadana, realiz\u00f3 la&nbsp;mesa de di\u00e1logo \u201cSocializaci\u00f3n de la reforma del Anteproyecto de la Ley 137-03 sobre tr\u00e1fico il\u00edcito de migrantes y trata de personas\u201d, espacio en el cual los legisladores de diferentes bancadas se comprometieron a aunar esfuerzos, a fin de impulsar dicho anteproyecto.<\/p>\n\n\n\n<p>Leidy Blanco Garc\u00eda, coordinadora general de Participaci\u00f3n Ciudadana, asegur\u00f3 queel tr\u00e1fico il\u00edcito de migrantes y trata de personas es un tema muy sensible, pues desnuda una dura realidad, de una problem\u00e1tica que est\u00e1 \u00edntimamente ligada a la pobreza, a la mercantilizaci\u00f3n del ser humano, a la discriminaci\u00f3n, desigualdad, marginaci\u00f3n, la violencia y corrupci\u00f3n.<\/p>\n\n\n\n<p>Blanco Garc\u00eda, destac\u00f3 que no podemos hablar de un estado social, democr\u00e1tico y de derechos, si el estado que est\u00e1 llamado a garantizar derechos, no ejerce esa obligaci\u00f3n, por lo que realiz\u00f3 un llamado a la clase pol\u00edtica al combate y la prevenci\u00f3n del tr\u00e1fico il\u00edcito de migrantes y trata de personas.<\/p>\n\n\n\n<p>En este sentido, la diputada por el Partido de la Liberaci\u00f3n Dominicana (PLD), Magda Rodr\u00edguez, se\u00f1al\u00f3 que se ha normalizado el tr\u00e1fico il\u00edcito de migrantes y la trata de personas en nuestras familias y entornos, en donde es fundamental llevar este tema a la socializaci\u00f3n y al conocimiento de la ciudadan\u00eda en general.<\/p>\n\n\n\n<p>\u201cReiteramos nuestro apoyo y compromiso de seguir trabajando desde nuestras comisiones para contar con una ley eficaz que garantice los derechos de las v\u00edctimas sometidas a tr\u00e1fico il\u00edcito de migrantes y trata\u201d, precis\u00f3.&nbsp;&nbsp;<\/p>\n\n\n\n<p>Esta actividad cont\u00f3, adem\u00e1s con la participaci\u00f3n de&nbsp;la Magistrada&nbsp;Belkis Ulloa,&nbsp;procuradora fiscal de la Procuradur\u00eda Especializada contra el Tr\u00e1fico Il\u00edcito de Migrantes; Sonia Hern\u00e1ndez de Misi\u00f3n Internacional de Justicia (IJM); y Tahira Vargas, antrop\u00f3loga e investigadora.<\/p>\n\n\n\n<p>La Magistrada&nbsp;Belkis Ulloa sostuvo que la trata de personas, aunque es un delito grave, desde su incorporaci\u00f3n al sistema penal dominicano, ha sido un delito invisibilizado e incluso normalizado y poco comprendido.<\/p>\n\n\n\n<p>\u201cDesde el a\u00f1o 2003 que surge la Ley 137-03, hasta el a\u00f1o 2012, apenas cuatro sentencias fueron emitidas alusivas a la trata de personas\u201d,&nbsp;puntualiz\u00f3&nbsp;Belkis Ulloa.<\/p>\n\n\n\n<p>Sonia Hern\u00e1ndez, representante de Misi\u00f3n Internacional de Justicia (IJM), subray\u00f3 que el dise\u00f1o de una nueva ley de trata de personas busca la no penalizaci\u00f3n a la v\u00edctima, dispone responsabilidad al cliente de servicios sexuales con fines de trata de personas, la definici\u00f3n de protocolos especiales para el abordaje de los casos de trata de personas, y otros principios que son fundamentales para la protecci\u00f3n de las personas v\u00edctimas de trata.<\/p>\n\n\n\n<p>Este encuentro se llev\u00f3 a cabo en el marco del proyecto\u00a0Acci\u00f3n de la Sociedad Civil por la Seguridad y la Justicia\u00a0(PASJ), el cual desarrolla Participaci\u00f3n Ciudadana.<\/p>\n\n\n\n<p><strong>Prensa Participaci\u00f3n Ciudadana <\/strong><\/p>\n\n\n\n<p><strong>12 de noviembre de 2021<\/strong><\/p>\n","protected":false},"excerpt":{"rendered":"<p>Santo Domingo, Rep\u00fablica Dominicana.&nbsp;El movimiento c\u00edvico&nbsp;Participaci\u00f3n Ciudadana, realiz\u00f3 la&nbsp;mesa de di\u00e1logo \u201cSocializaci\u00f3n de la reforma del Anteproyecto de la Ley 137-03 sobre tr\u00e1fico il\u00edcito de migrantes y trata de personas\u201d, espacio en el cual los legisladores de diferentes bancadas se comprometieron a aunar esfuerzos, a fin de impulsar dicho anteproyecto. Leidy Blanco Garc\u00eda, coordinadora general [&hellip;]<\/p>\n","protected":false},"author":2,"featured_media":307691,"comment_status":"closed","ping_status":"","sticky":true,"template":"","format":"standard","meta":{"footnotes":""},"categories":[22,27],"tags":[],"class_list":["post-307688","post","type-post","status-publish","format-standard","has-post-thumbnail","hentry","category-politica","category-portada"],"_links":{"self":[{"href":"https:\/\/diariodominicano.com\/index.php?rest_route=\/wp\/v2\/posts\/307688","targetHints":{"allow":["GET"]}}],"collection":[{"href":"https:\/\/diariodominicano.com\/index.php?rest_route=\/wp\/v2\/posts"}],"about":[{"href":"https:\/\/diariodominicano.com\/index.php?rest_route=\/wp\/v2\/types\/post"}],"author":[{"embeddable":true,"href":"https:\/\/diariodominicano.com\/index.php?rest_route=\/wp\/v2\/users\/2"}],"replies":[{"embeddable":true,"href":"https:\/\/diariodominicano.com\/index.php?rest_route=%2Fwp%2Fv2%2Fcomments&post=307688"}],"version-history":[{"count":1,"href":"https:\/\/diariodominicano.com\/index.php?rest_route=\/wp\/v2\/posts\/307688\/revisions"}],"predecessor-version":[{"id":307692,"href":"https:\/\/diariodominicano.com\/index.php?rest_route=\/wp\/v2\/posts\/307688\/revisions\/307692"}],"wp:featuredmedia":[{"embeddable":true,"href":"https:\/\/diariodominicano.com\/index.php?rest_route=\/wp\/v2\/media\/307691"}],"wp:attachment":[{"href":"https:\/\/diariodominicano.com\/index.php?rest_route=%2Fwp%2Fv2%2Fmedia&parent=307688"}],"wp:term":[{"taxonomy":"category","embeddable":true,"href":"https:\/\/diariodominicano.com\/index.php?rest_route=%2Fwp%2Fv2%2Fcategories&post=307688"},{"taxonomy":"post_tag","embeddable":true,"href":"https:\/\/diariodominicano.com\/index.php?rest_route=%2Fwp%2Fv2%2Ftags&post=307688"}],"curies":[{"name":"wp","href":"https:\/\/api.w.org\/{rel}","templated":true}]}}