{"id":307667,"date":"2021-11-12T12:19:14","date_gmt":"2021-11-12T16:19:14","guid":{"rendered":"http:\/\/diariodominicano.com\/?p=307667"},"modified":"2021-11-12T12:19:14","modified_gmt":"2021-11-12T16:19:14","slug":"papa-en-asis-pidamos-al-senor-que-nos-ayude-a-encontrar-siempre-la-serenidad-y-la-alegria","status":"publish","type":"post","link":"https:\/\/diariodominicano.com\/?p=307667","title":{"rendered":"Papa en As\u00eds: Pidamos al Se\u00f1or que nos ayude a encontrar siempre la serenidad y la alegr\u00eda"},"content":{"rendered":"\n<p>diariodominicano.com<\/p>\n\n\n\n<p>POR MERCEDES DE LA TORRE | ACI Prensa<\/p>\n\n\n\n<p>Vaticano, 12 de noviembre, 2021.-  Durante su visita a As\u00eds este viernes 12 de noviembre, el Papa Francisco invit\u00f3 a pedir al Se\u00f1or encontrar siempre la serenidad y la alegr\u00eda y destac\u00f3 la huella de San Francisco en As\u00eds y de la importancia de la Porci\u00fancula.<\/p>\n\n\n\n<p>\u201cPidamos al Se\u00f1or que nos ayude a encontrar siempre la serenidad y la alegr\u00eda. Aqu\u00ed, en la Porci\u00fancula,&nbsp;<strong>San Francisco nos ense\u00f1a la alegr\u00eda que supone mirar a los que nos rodean como compa\u00f1eros de viaje<\/strong>&nbsp;que nos comprenden y nos apoyan, igual que nosotros lo hacemos con \u00e9l o ella\u201d, alent\u00f3 el Papa ante m\u00e1s de 500 pobres reunidos en la Bas\u00edlica de Santa Mar\u00eda de los \u00c1ngeles.<\/p>\n\n\n\n<p>El Santo Padre visit\u00f3 As\u00eds con ocasi\u00f3n de la V Jornada Mundial de los Pobres que se llevar\u00e1 a cabo el pr\u00f3ximo domingo 14 de noviembre.<\/p>\n\n\n\n<p>Tras\u00a0<a href=\"https:\/\/www.aciprensa.com\/noticias\/el-papa-francisco-reza-en-silencio-en-la-porciuncula-de-asis-62277\">rezar en silencio en la Porci\u00fancula<\/a>, el Papa escuch\u00f3 testimonios de diferentes personas y luego pronunci\u00f3 un largo discurso en el<\/p>\n\n\n\n<p>que improvis\u00f3 en numerosas ocasiones.<\/p>\n\n\n\n<p>\u201c<strong>Que este encuentro abra los corazones de todos nosotros para ponernos a disposici\u00f3n de los dem\u00e1s<\/strong>; que abra nuestros corazones para hacer de nuestras debilidades una fuerza que nos ayude a seguir en el camino de la vida, para transformar nuestra pobreza en una riqueza a compartir, y as\u00ed mejorar el mundo\u201d, anim\u00f3 el Papa.<\/p>\n\n\n\n<p>Adem\u00e1s, el Santo Padre record\u00f3 que \u201c<strong>As\u00eds no es una ciudad como las dem\u00e1s<\/strong>: As\u00eds lleva la huella de San Francisco. Pensar que fue en estas calles donde vivi\u00f3 su inquieta juventud, donde recibi\u00f3 la llamada a vivir el Evangelio al pie de la letra, es una lecci\u00f3n fundamental para nosotros\u201d porque \u201cnos sentimos atra\u00eddos por esta sencillez de coraz\u00f3n y de vida: es el atractivo mismo de Cristo, del Evangelio. Son&nbsp;<strong>hechos de la vida que valen m\u00e1s que los sermones<\/strong>\u201d.<\/p>\n\n\n\n<p>Luego, el Papa<strong>\u00a0r<\/strong>elat\u00f3 un episodio de San Francisco con fray Masseo en el que ambos recogieron unos trozos de pan duro y rancio. En aquella ocasi\u00f3n, San Francisco subray\u00f3 que \u201clo que tenemos nos lo da la Providencia\u201d como ese pan y el Santo Padre a\u00f1adi\u00f3 \u201cesta es la ense\u00f1anza de San Francisco:\u00a0<strong>saber contentarse con lo poco que tenemos y compartirlo con los dem\u00e1<\/strong>s\u201d.<\/p>\n\n\n\n<h2 class=\"wp-block-heading\"><strong><em>Porci\u00fancula<\/em><\/strong><\/h2>\n\n\n\n<p>Asimismo, el Santo Padre se\u00f1al\u00f3 la importancia de la Porci\u00fancula que es una peque\u00f1a capilla que se encuentra en el interior de la Bas\u00edlica de Santa Mar\u00eda de los \u00c1ngeles y es uno de los lugares m\u00e1s significativos para la familia franciscana.<\/p>\n\n\n\n<p>El Papa destac\u00f3 que la Porci\u00fancula \u201c<strong>es una de las peque\u00f1as iglesias que San Francisco pens\u00f3 en restaurar, despu\u00e9s de que Jes\u00fas le pidiera reparar su casa<\/strong>\u201d y agreg\u00f3 que \u201cen aquel momento, nunca habr\u00eda pensado que el Se\u00f1or le pedir\u00eda que diera su vida para renovar no la iglesia hecha de piedras, sino la de las personas, de los hombres y mujeres que son las piedras vivas de la Iglesia\u201d.<\/p>\n\n\n\n<p>En esta l\u00ednea, el Papa afirm\u00f3 \u201csi estamos hoy aqu\u00ed es precisamente para aprender de lo que hizo San Francisco. Le gustaba pasar mucho tiempo en esta peque\u00f1a iglesia rezando.\u00a0<strong>Se reun\u00eda aqu\u00ed en silencio y escuchaba al Se\u00f1or, lo que Dios quer\u00eda de \u00e9l.\u00a0<\/strong>Tambi\u00e9n<\/p>\n\n\n\n<p>nosotros hemos venido aqu\u00ed para esto: queremos pedir al Se\u00f1or que escuche nuestro clamor, que escuche nuestro clamor y que venga en nuestra ayuda. No olvidemos que la primera marginaci\u00f3n que sufren los pobres es la espiritual\u201d.<\/p>\n\n\n\n<p>\u201cEstar aqu\u00ed, en la Porci\u00fancula, nos recuerda&nbsp;<strong>la compa\u00f1\u00eda del Se\u00f1or, que nunca nos deja solos, siempre nos acompa\u00f1a en cada momento de nuestra vida.&nbsp;<\/strong>El Se\u00f1or est\u00e1 hoy con nosotros. Nos acompa\u00f1a, en la escucha, en la oraci\u00f3n y en los testimonios dados: es \u00c9l, con nosotros\u201d, advirti\u00f3.<\/p>\n\n\n\n<p>Luego, el Santo Padre subray\u00f3 otro hecho importante de la Porci\u00fancula cuando porque&nbsp;<strong>all\u00ed \u201cSan Francisco acogi\u00f3 a Santa Clara, a los primeros frailes y a muchos pobres que acud\u00edan a \u00e9l<\/strong>\u201d y explic\u00f3 que \u201ccon sencillez los recibi\u00f3 como hermanos y hermanas, compartiendo todo con ellos\u201d.<\/p>\n\n\n\n<p>De este modo, el Papa destac\u00f3 que\u00a0<strong>\u201cesta es la expresi\u00f3n m\u00e1sevang\u00e9lica que estamos llamados a hacer nuestra: la acogida\u201d\u00a0<\/strong>porque \u201cacoger significa abrir la puerta, la de la casa y la del coraz\u00f3n, y dejar entrar a los que llaman. Y que se sienta a gusto, no en el temor, no, a gusto, libre\u201d.<\/p>\n\n\n\n<p>\u201cDonde hay un verdadero sentido de la fraternidad, hay tambi\u00e9n una experiencia sincera de acogida. Cuando, por el contrario, hay miedo al otro, desprecio por su vida, entonces nace el rechazo o, peor a\u00fan, la indiferencia: mirar para otro lado. La acogida genera un sentimiento de comunidad; el rechazo, por el contrario, se encierra en el propio ego\u00edsmo\u201d, afirm\u00f3.<\/p>\n\n\n\n<p>Por ello, el Santo Padre destac\u00f3 tambi\u00e9n a la&nbsp;<strong>Madre Teresa de Calcuta<\/strong>&nbsp;que \u201c<strong>hizo de su vida un servicio a la hospitalidad\u201d&nbsp;<\/strong>y ense\u00f1\u00f3 que \u201cla mejor bienvenida\u201d es \u201cla sonrisa\u201d. Por lo que el Papa a\u00f1adi\u00f3 \u201ccompartir una sonrisa con alguien necesitado es bueno para ambos, para m\u00ed y para el otro. La sonrisa como expresi\u00f3n de simpat\u00eda, de ternura. Y entonces la sonrisa te envuelve, y no puedes distanciarte de la persona a la que has sonre\u00eddo\u201d.<\/p>\n\n\n\n<p>Finalmente, el Papa agradeci\u00f3 los testimonios \u201cque han demostrado valent\u00eda y sinceridad\u201d y destac\u00f3 dos aspectos. El primero, el \u201c<strong>gran sentido de la esperanza<\/strong>\u201d porque \u201cla vida no siempre ha sido<\/p>\n\n\n\n<p>indulgente con ellos; en cambio, a menudo ha mostrado una cara cruel\u201d.<\/p>\n\n\n\n<p>El segundo, la resistencia que tienen \u201c<strong>la fuerza de seguir adelante a pesar de todo<\/strong>, de ir contra la corriente\u201d y agreg\u00f3 que \u201cla resistencia no es una acci\u00f3n pasiva, al contrario, requiere el valor de emprender un nuevo camino sabiendo que dar\u00e1 sus frutos\u201d.<\/p>\n\n\n\n<p>\u201c<strong>Resistir significa encontrar razones para no rendirse ante las dificultades<\/strong>, sabiendo que no las vivimos solos sino juntos, y que s\u00f3lo juntos podemos superarlas. Resistir cualquier tentaci\u00f3n de abandonar y caer en la soledad o la tristeza. Resistirse, aferrarse a la peque\u00f1a o escasa riqueza que podamos tener\u201d, dijo el Papa.<\/p>\n\n\n\n<p>Por \u00faltimo, el Santo Padre agradeci\u00f3 este encuentro con ocasi\u00f3n de la Jornada Mundial de los Pobres y agradeci\u00f3 \u201ca los pobres que abren sus corazones para darnos su riqueza y sanar nuestros corazones heridos. Gracias por esta valent\u00eda\u201d, concluy\u00f3 el Papa.<\/p>\n","protected":false},"excerpt":{"rendered":"<p>diariodominicano.com POR MERCEDES DE LA TORRE | ACI Prensa Vaticano, 12 de noviembre, 2021.- Durante su visita a As\u00eds este viernes 12 de noviembre, el Papa Francisco invit\u00f3 a pedir al Se\u00f1or encontrar siempre la serenidad y la alegr\u00eda y destac\u00f3 la huella de San Francisco en As\u00eds y de la importancia de la Porci\u00fancula. [&hellip;]<\/p>\n","protected":false},"author":5,"featured_media":307673,"comment_status":"closed","ping_status":"","sticky":true,"template":"","format":"standard","meta":{"footnotes":""},"categories":[23,27],"tags":[],"class_list":["post-307667","post","type-post","status-publish","format-standard","has-post-thumbnail","hentry","category-internacional","category-portada"],"_links":{"self":[{"href":"https:\/\/diariodominicano.com\/index.php?rest_route=\/wp\/v2\/posts\/307667","targetHints":{"allow":["GET"]}}],"collection":[{"href":"https:\/\/diariodominicano.com\/index.php?rest_route=\/wp\/v2\/posts"}],"about":[{"href":"https:\/\/diariodominicano.com\/index.php?rest_route=\/wp\/v2\/types\/post"}],"author":[{"embeddable":true,"href":"https:\/\/diariodominicano.com\/index.php?rest_route=\/wp\/v2\/users\/5"}],"replies":[{"embeddable":true,"href":"https:\/\/diariodominicano.com\/index.php?rest_route=%2Fwp%2Fv2%2Fcomments&post=307667"}],"version-history":[{"count":1,"href":"https:\/\/diariodominicano.com\/index.php?rest_route=\/wp\/v2\/posts\/307667\/revisions"}],"predecessor-version":[{"id":307675,"href":"https:\/\/diariodominicano.com\/index.php?rest_route=\/wp\/v2\/posts\/307667\/revisions\/307675"}],"wp:featuredmedia":[{"embeddable":true,"href":"https:\/\/diariodominicano.com\/index.php?rest_route=\/wp\/v2\/media\/307673"}],"wp:attachment":[{"href":"https:\/\/diariodominicano.com\/index.php?rest_route=%2Fwp%2Fv2%2Fmedia&parent=307667"}],"wp:term":[{"taxonomy":"category","embeddable":true,"href":"https:\/\/diariodominicano.com\/index.php?rest_route=%2Fwp%2Fv2%2Fcategories&post=307667"},{"taxonomy":"post_tag","embeddable":true,"href":"https:\/\/diariodominicano.com\/index.php?rest_route=%2Fwp%2Fv2%2Ftags&post=307667"}],"curies":[{"name":"wp","href":"https:\/\/api.w.org\/{rel}","templated":true}]}}