{"id":307663,"date":"2021-11-12T12:04:10","date_gmt":"2021-11-12T16:04:10","guid":{"rendered":"http:\/\/diariodominicano.com\/?p=307663"},"modified":"2021-11-12T12:04:10","modified_gmt":"2021-11-12T16:04:10","slug":"presidente-abinader-visitara-cuatro-provincias-este-fin-de-semana","status":"publish","type":"post","link":"https:\/\/diariodominicano.com\/?p=307663","title":{"rendered":"Presidente Abinader visitar\u00e1 cuatro provincias este fin de semana"},"content":{"rendered":"\n<p>diariodominicano.com<\/p>\n\n\n\n<p>Santo Domingo, R. D.,  12 de noviembre, 2021.- El presidente Luis Abinader viajar\u00e1 este fin de semana a las provincias de San Pedro Macor\u00eds, La Altagracia, La Romana y Azua para desarrollar una jornada de trabajo que incluye el inicio e inauguraci\u00f3n de obras y entregas de t\u00edtulos de propiedad.<\/p>\n\n\n\n<p>Previo a su traslado, este viernes 12 a San Pedro Macor\u00eds, el mandatario presidir\u00e1 a las 10:30 de la ma\u00f1ana, el acto de entrega de la XVII versi\u00f3n del Premio Nacional de la Calidad 2021, en el Sal\u00f3n Las Cari\u00e1tides, del Palacio Nacional.<\/p>\n\n\n\n<p>En San Pedro Macor\u00eds, la agenda del presidente Abinader iniciar\u00e1 a la 1:00 de la tarde con la inauguraci\u00f3n del Acueducto de Quisqueya.&nbsp;<\/p>\n\n\n\n<p>Posteriormente, el gobernante encabezar\u00e1 los actos de primer picazo para la construcci\u00f3n de la entrada de San Pedro de Macor\u00eds y del Museo del Pelotero Petromacorisano.&nbsp;<\/p>\n\n\n\n<p>Concluir\u00e1 su agenda en esta provincia a las 4:30 de la tarde con la inauguraci\u00f3n de las unidades de UCI y di\u00e1lisis del Hospital Oliver Pino.&nbsp;<\/p>\n\n\n\n<p>Luego, el jefe de Estado se trasladar\u00e1 a Punta Cana, provincia La Altagracia, para participar en el acto de apertura del Congreso de la Confederaci\u00f3n Nacional de Productores Agropecuarios (CONFENAGRO).&nbsp;<\/p>\n\n\n\n<p><strong>S\u00e1bado: La Romana<\/strong><\/p>\n\n\n\n<p>El s\u00e1bado 13, a las 10:00 de la ma\u00f1ana, el presidente Abinader viajar\u00e1 a La Romana para asistir al acto de primer palazo para la ampliaci\u00f3n de Casa de Campo.<\/p>\n\n\n\n<p>M\u00e1s tarde, el gobernante encabezar\u00e1 el acto de primer palazo para la remodelaci\u00f3n del Polideportivo Eleoncio Mercedes, y sostendr\u00e1 un encuentro con el Consejo de Desarrollo, en el Edificio Crismeli. Abinader asistir\u00e1, adem\u00e1s, a una actividad en el Club Chola.<\/p>\n\n\n\n<p><strong>Domingo: Azua<\/strong><\/p>\n\n\n\n<p>El domingo 14, el mandatario iniciar\u00e1 su agenda a las 10: 00 de la ma\u00f1ana en la provincia de Azua, donde inaugurar\u00e1 el puente de Las Yayas.<\/p>\n\n\n\n<p>Luego, el gobernante encabezar\u00e1 el primer picazo para la construcci\u00f3n del Polideportivo de Sabana Yegua y entregar\u00e1 650 t\u00edtulos de propiedad en el Proyecto Ganadero.<\/p>\n\n\n\n<p>A la 1:15 de la tarde, Abinader, realizar\u00e1 una visita a la construcci\u00f3n de la Avenida Circunvalaci\u00f3n y a seguidas, dar\u00e1 el primer picazo para la construcci\u00f3n de un proyecto de Viviendas, en el Distrito Municipal el Barro.<\/p>\n\n\n\n<p>El presidente Abinader terminar\u00e1 su recorrido en la provincia de Azua con un almuerzo con el Sector Agropecuario, en el Polit\u00e9cnico.<\/p>\n\n\n\n<p>Ese mismo d\u00eda, a las 6:00 de la tarde, el mandatario asistir\u00e1 en Santo Domingo, al acto de reinicio de Bony\u00e9 RD, en las Ruinas de San Francisco\u00a0de la Zona Colonial.<\/p>\n\n\n\n<p>Fuente: Direcci\u00f3n de Estrategia y Comunicaci\u00f3n Gubernamental<\/p>\n\n\n\n<p>Ministerio Administrativo de la Presidencia de la Rep\u00fablica Dominicana<\/p>\n","protected":false},"excerpt":{"rendered":"<p>diariodominicano.com Santo Domingo, R. D., 12 de noviembre, 2021.- El presidente Luis Abinader viajar\u00e1 este fin de semana a las provincias de San Pedro Macor\u00eds, La Altagracia, La Romana y Azua para desarrollar una jornada de trabajo que incluye el inicio e inauguraci\u00f3n de obras y entregas de t\u00edtulos de propiedad. Previo a su traslado, [&hellip;]<\/p>\n","protected":false},"author":5,"featured_media":307665,"comment_status":"closed","ping_status":"","sticky":true,"template":"","format":"standard","meta":{"footnotes":""},"categories":[20,27],"tags":[],"class_list":["post-307663","post","type-post","status-publish","format-standard","has-post-thumbnail","hentry","category-dominicana-hoy","category-portada"],"_links":{"self":[{"href":"https:\/\/diariodominicano.com\/index.php?rest_route=\/wp\/v2\/posts\/307663","targetHints":{"allow":["GET"]}}],"collection":[{"href":"https:\/\/diariodominicano.com\/index.php?rest_route=\/wp\/v2\/posts"}],"about":[{"href":"https:\/\/diariodominicano.com\/index.php?rest_route=\/wp\/v2\/types\/post"}],"author":[{"embeddable":true,"href":"https:\/\/diariodominicano.com\/index.php?rest_route=\/wp\/v2\/users\/5"}],"replies":[{"embeddable":true,"href":"https:\/\/diariodominicano.com\/index.php?rest_route=%2Fwp%2Fv2%2Fcomments&post=307663"}],"version-history":[{"count":1,"href":"https:\/\/diariodominicano.com\/index.php?rest_route=\/wp\/v2\/posts\/307663\/revisions"}],"predecessor-version":[{"id":307666,"href":"https:\/\/diariodominicano.com\/index.php?rest_route=\/wp\/v2\/posts\/307663\/revisions\/307666"}],"wp:featuredmedia":[{"embeddable":true,"href":"https:\/\/diariodominicano.com\/index.php?rest_route=\/wp\/v2\/media\/307665"}],"wp:attachment":[{"href":"https:\/\/diariodominicano.com\/index.php?rest_route=%2Fwp%2Fv2%2Fmedia&parent=307663"}],"wp:term":[{"taxonomy":"category","embeddable":true,"href":"https:\/\/diariodominicano.com\/index.php?rest_route=%2Fwp%2Fv2%2Fcategories&post=307663"},{"taxonomy":"post_tag","embeddable":true,"href":"https:\/\/diariodominicano.com\/index.php?rest_route=%2Fwp%2Fv2%2Ftags&post=307663"}],"curies":[{"name":"wp","href":"https:\/\/api.w.org\/{rel}","templated":true}]}}