{"id":307650,"date":"2021-11-12T11:35:39","date_gmt":"2021-11-12T15:35:39","guid":{"rendered":"http:\/\/diariodominicano.com\/?p=307650"},"modified":"2021-11-12T11:35:39","modified_gmt":"2021-11-12T15:35:39","slug":"fiscalia-de-hermanas-mirabal-obtiene-20-anos-de-prision-contra-un-hombre-que-mato-a-otro-en-villa-tapia","status":"publish","type":"post","link":"https:\/\/diariodominicano.com\/?p=307650","title":{"rendered":"Fiscal\u00eda de Hermanas Mirabal obtiene 20 a\u00f1os de prisi\u00f3n contra un hombre que mat\u00f3 a otro en Villa Tapia"},"content":{"rendered":"\n<p> <strong>Las juezas\u00a0Felicia N\u00fa\u00f1ez de Jes\u00fas,\u00a0Elizabeth Cepeda Mu\u00f1oz\u00a0y Biannelys Mart\u00ednez Calvo,\u00a0del Tribunal Colegiado del distrito judicial Hermanas Mirabal, declararon culpable a Agust\u00edn Sa\u00fal Alm\u00e1nzar Ortega por la muerte de Geovanny Brito Mart\u00ednez<\/strong>.\u00a0\u00a0\u00a0 <\/p>\n\n\n\n<p><strong>HERMANAS MIRABAL, Rep\u00fablica Dominicana, 12 noviembre.-\u00a0<\/strong>El Ministerio P\u00fablico de esta provincia logr\u00f3 una condena de 20 a\u00f1os de prisi\u00f3n contra un hombre acusado de la muerte de otro en una localidad de Villa Tapia en 2019.<\/p>\n\n\n\n<p>Las juezas&nbsp;Felicia N\u00fa\u00f1ez de Jes\u00fas,&nbsp;Elizabeth Cepeda Mu\u00f1oz&nbsp;y Biannelys Mart\u00ednez Calvo,&nbsp;del Tribunal Colegiado de este distrito judicial, declararon culpable a Agust\u00edn Sa\u00fal Alm\u00e1nzar Ortega por la muerte de Geovanny Brito Mart\u00ednez.&nbsp;&nbsp;&nbsp;<\/p>\n\n\n\n<p>El Ministerio P\u00fablico pudo establecer en el proceso de investigaci\u00f3n que el hecho se produjo aproximadamente a las 8:00 de la noche del 20 de octubre de 2019, mientras el hoy occiso se encontraba en su casa en la comunidad El Coco, del municipio Villa Tapia.<\/p>\n\n\n\n<p>En el expediente acusatorio, se hace constar que Brito Mart\u00ednez recibi\u00f3 una llamada y sali\u00f3 al patio de la residencia y que posteriormente la familia encontr\u00f3 su cad\u00e1ver en un terreno colindante, propiedad del hoy procesado Alm\u00e1nzar Ortega.<\/p>\n\n\n\n<p>La v\u00edctima falleci\u00f3 por una herida de arma de fuego que lacer\u00f3 el pulm\u00f3n izquierdo, seg\u00fan certificado de autopsia del Instituto Nacional de Ciencias Forenses (Inacif).<\/p>\n\n\n\n<p>El \u00f3rgano de persecuci\u00f3n del sistema de justicia en esta demarcaci\u00f3n, representado por el fiscal actuante, Jos\u00e9 Orlando Liriano Aquino, present\u00f3 ante el tribunal las pruebas documentales, testimoniales, materiales y periciales que prueban la responsabilidad penal del enjuiciado en este hecho.<\/p>\n\n\n\n<p>La Fiscal\u00eda de la provincia Hermanas Mirabal se\u00f1al\u00f3 que Alm\u00e1nzar Ortega fue hallado culpable de violar los art\u00edculos 265, 266, 295, y 304 del C\u00f3digo Penal y los art\u00edculos 66 y 67 de la Ley 631-16, sobre el Control y Regulaci\u00f3n de Armas, Municiones y Materiales Relacionados.<\/p>\n\n\n\n<p>El fiscal titular de Hermanas Mirabal, Edward Andr\u00e9s N\u00fa\u00f1ez-Merette, manifest\u00f3 que, independientemente de la pena impuesta al imputado, persisten m\u00e9ritos suficientes para que los jueces impusieran una condena de 30 a\u00f1os de reclusi\u00f3n, por lo que se propone apelar la decisi\u00f3n luego de que sea notificada.<\/p>\n\n\n\n<p><strong>Direcci\u00f3n de Comunicaci\u00f3n y Prensa<\/strong><\/p>\n\n\n\n<p><strong>Procuradur\u00eda General-Ministerio P\u00fablico RD<\/strong><\/p>\n\n\n\n<p><strong>Viernes, 12 de noviembre de 2021.<\/strong><\/p>\n","protected":false},"excerpt":{"rendered":"<p>Las juezas\u00a0Felicia N\u00fa\u00f1ez de Jes\u00fas,\u00a0Elizabeth Cepeda Mu\u00f1oz\u00a0y Biannelys Mart\u00ednez Calvo,\u00a0del Tribunal Colegiado del distrito judicial Hermanas Mirabal, declararon culpable a Agust\u00edn Sa\u00fal Alm\u00e1nzar Ortega por la muerte de Geovanny Brito Mart\u00ednez.\u00a0\u00a0\u00a0 HERMANAS MIRABAL, Rep\u00fablica Dominicana, 12 noviembre.-\u00a0El Ministerio P\u00fablico de esta provincia logr\u00f3 una condena de 20 a\u00f1os de prisi\u00f3n contra un hombre acusado de [&hellip;]<\/p>\n","protected":false},"author":2,"featured_media":0,"comment_status":"closed","ping_status":"","sticky":true,"template":"","format":"standard","meta":{"footnotes":""},"categories":[24,27],"tags":[],"class_list":["post-307650","post","type-post","status-publish","format-standard","hentry","category-justicia-y-derecho","category-portada"],"_links":{"self":[{"href":"https:\/\/diariodominicano.com\/index.php?rest_route=\/wp\/v2\/posts\/307650","targetHints":{"allow":["GET"]}}],"collection":[{"href":"https:\/\/diariodominicano.com\/index.php?rest_route=\/wp\/v2\/posts"}],"about":[{"href":"https:\/\/diariodominicano.com\/index.php?rest_route=\/wp\/v2\/types\/post"}],"author":[{"embeddable":true,"href":"https:\/\/diariodominicano.com\/index.php?rest_route=\/wp\/v2\/users\/2"}],"replies":[{"embeddable":true,"href":"https:\/\/diariodominicano.com\/index.php?rest_route=%2Fwp%2Fv2%2Fcomments&post=307650"}],"version-history":[{"count":1,"href":"https:\/\/diariodominicano.com\/index.php?rest_route=\/wp\/v2\/posts\/307650\/revisions"}],"predecessor-version":[{"id":307651,"href":"https:\/\/diariodominicano.com\/index.php?rest_route=\/wp\/v2\/posts\/307650\/revisions\/307651"}],"wp:attachment":[{"href":"https:\/\/diariodominicano.com\/index.php?rest_route=%2Fwp%2Fv2%2Fmedia&parent=307650"}],"wp:term":[{"taxonomy":"category","embeddable":true,"href":"https:\/\/diariodominicano.com\/index.php?rest_route=%2Fwp%2Fv2%2Fcategories&post=307650"},{"taxonomy":"post_tag","embeddable":true,"href":"https:\/\/diariodominicano.com\/index.php?rest_route=%2Fwp%2Fv2%2Ftags&post=307650"}],"curies":[{"name":"wp","href":"https:\/\/api.w.org\/{rel}","templated":true}]}}