{"id":307645,"date":"2021-11-12T11:25:01","date_gmt":"2021-11-12T15:25:01","guid":{"rendered":"http:\/\/diariodominicano.com\/?p=307645"},"modified":"2021-11-12T11:25:01","modified_gmt":"2021-11-12T15:25:01","slug":"policia-nacional-captura-hombre-implicado-en-muerte-de-raso-de-la-digesett-durante-intento-de-asalto-en-carretera-de-yamasa-s-d-n","status":"publish","type":"post","link":"https:\/\/diariodominicano.com\/?p=307645","title":{"rendered":"Polic\u00eda Nacional captura hombre implicado en muerte de raso de la Digesett durante intento de asalto en carretera de Yamas\u00e1, S.D.N."},"content":{"rendered":"\n<p> <strong>La Polic\u00eda identific\u00f3 a los otros presuntos implicados como los apodados \u201cGonzalo\u201d, \u201cEl Grande\u201d, \u201cRafelo y\/o Blanquito\u201d, de quienes se contin\u00faan las labores de b\u00fasqueda a los fines de apresarlos para que respondan por el hecho que se les imputa. <\/strong><\/p>\n\n\n\n<p><strong>Santo Domingo, RD.<\/strong>&#8211; La Polic\u00eda Nacional inform\u00f3 captur\u00f3 a uno de varios presuntos delincuentes que el pasado 6 de septiembre ultimaron a un raso policial adscrito a la Direcci\u00f3n General de Seguridad de Tr\u00e1nsito y Transporte Terrestre (Digesett),  a quien  intentaron asaltar cuando transitaba en una motocicleta por el kil\u00f3metro 20 de la carretera Yamas\u00e1, en Santo Domingo Norte.<\/p>\n\n\n\n<p><strong>El apresado es El\u00edas Contreras Jes\u00fas (a) Edwin, de 36 a\u00f1os, quien fue capturado mediante orden de arresto por la muerte del raso Rafi Paulino Mart\u00ednez, de 25 a\u00f1os, como consecuencia de una herida de bala en el pecho.<\/strong><\/p>\n\n\n\n<p>La Polic\u00eda identific\u00f3 a los dem\u00e1s presuntos implicados en el hecho como los apodados \u201cGonzalo\u201d, \u201cEl Grande\u201d, \u201cRafelo y\/o Blanquito\u201d, de quienes se contin\u00faan las labores de b\u00fasqueda a los fines de apresarlos para que respondan por el hecho que se les imputa.<\/p>\n\n\n\n<p>De acuerdo al informe preliminar del hecho, el alistado de la Digesett fue interceptado por desconocidos mientras \u00e9ste se dirig\u00eda hacia su lugar de trabajo a eso de las 5:00 de la ma\u00f1ana de la citada fecha, pero los malhechores no lograron su objetivo debido a que el raso opuso resistencia y los enfrent\u00f3 con su arma de reglamento, pero cay\u00f3 mortalmente herido en el pavimento.<\/p>\n\n\n\n<p>El detenido ser\u00e1 puesto a disposici\u00f3n del Ministerio P\u00fablico para los fines legales correspondientes. Se recuerda que en la escena se encontr\u00f3 el arma de reglamento del citado alistado, su motocicleta, radio de comunicaci\u00f3n y otras pertenencias.&nbsp;<\/p>\n\n\n\n<p>La Polic\u00eda precis\u00f3 que las investigaciones se profundizan para ubicar y apresar a los dem\u00e1s implicados en el caso.<\/p>\n\n\n\n<p>Prensa Polic\u00eda Nacional<a rel=\"noreferrer noopener\" target=\"_blank\" href=\"mailto:prensadigitalpn@gmail.com\">prensadigitalpn@gmail.com<\/a><\/p>\n\n\n\n<p><\/p>\n\n\n\n<p><\/p>\n","protected":false},"excerpt":{"rendered":"<p>La Polic\u00eda identific\u00f3 a los otros presuntos implicados como los apodados \u201cGonzalo\u201d, \u201cEl Grande\u201d, \u201cRafelo y\/o Blanquito\u201d, de quienes se contin\u00faan las labores de b\u00fasqueda a los fines de apresarlos para que respondan por el hecho que se les imputa. Santo Domingo, RD.&#8211; La Polic\u00eda Nacional inform\u00f3 captur\u00f3 a uno de varios presuntos delincuentes que [&hellip;]<\/p>\n","protected":false},"author":2,"featured_media":0,"comment_status":"closed","ping_status":"","sticky":true,"template":"","format":"standard","meta":{"footnotes":""},"categories":[24,27],"tags":[],"class_list":["post-307645","post","type-post","status-publish","format-standard","hentry","category-justicia-y-derecho","category-portada"],"_links":{"self":[{"href":"https:\/\/diariodominicano.com\/index.php?rest_route=\/wp\/v2\/posts\/307645","targetHints":{"allow":["GET"]}}],"collection":[{"href":"https:\/\/diariodominicano.com\/index.php?rest_route=\/wp\/v2\/posts"}],"about":[{"href":"https:\/\/diariodominicano.com\/index.php?rest_route=\/wp\/v2\/types\/post"}],"author":[{"embeddable":true,"href":"https:\/\/diariodominicano.com\/index.php?rest_route=\/wp\/v2\/users\/2"}],"replies":[{"embeddable":true,"href":"https:\/\/diariodominicano.com\/index.php?rest_route=%2Fwp%2Fv2%2Fcomments&post=307645"}],"version-history":[{"count":1,"href":"https:\/\/diariodominicano.com\/index.php?rest_route=\/wp\/v2\/posts\/307645\/revisions"}],"predecessor-version":[{"id":307646,"href":"https:\/\/diariodominicano.com\/index.php?rest_route=\/wp\/v2\/posts\/307645\/revisions\/307646"}],"wp:attachment":[{"href":"https:\/\/diariodominicano.com\/index.php?rest_route=%2Fwp%2Fv2%2Fmedia&parent=307645"}],"wp:term":[{"taxonomy":"category","embeddable":true,"href":"https:\/\/diariodominicano.com\/index.php?rest_route=%2Fwp%2Fv2%2Fcategories&post=307645"},{"taxonomy":"post_tag","embeddable":true,"href":"https:\/\/diariodominicano.com\/index.php?rest_route=%2Fwp%2Fv2%2Ftags&post=307645"}],"curies":[{"name":"wp","href":"https:\/\/api.w.org\/{rel}","templated":true}]}}