{"id":307641,"date":"2021-11-12T11:16:45","date_gmt":"2021-11-12T15:16:45","guid":{"rendered":"http:\/\/diariodominicano.com\/?p=307641"},"modified":"2021-11-12T11:17:20","modified_gmt":"2021-11-12T15:17:20","slug":"policia-captura-hombre-al-que-apodan-la-arana-responsable-de-multiples-robos-en-residenciales-mediante-escalamiento-y-roturas","status":"publish","type":"post","link":"https:\/\/diariodominicano.com\/?p=307641","title":{"rendered":"Polic\u00eda informa captura hombre al que apodan \u201cLa Ara\u00f1a\u201d, responsable de m\u00faltiples robos en residenciales mediante escalamiento y roturas"},"content":{"rendered":"\n<p> <strong>El detenido es Rafael Garc\u00eda Paniagua, nombre de pila de La Ara\u00f1a, quien obtuvo su apodo por ser especialista en penetrar a residencias escalando o rompiendo puertas y ventanas. <\/strong><\/p>\n\n\n\n<p><\/p>\n\n\n\n<p><strong>Santo Domingo, RD<\/strong>, Un hombre de 40 a\u00f1os al que apodan \u201cLa Ara\u00f1a\u201d, con amplio historial de sometimientos a la justicia, fue apresado ayer 11 d\u00edas despu\u00e9s de cumplir una condena en la Penitenciar\u00eda Nacional de La Victoria, por cometer tres robos el mismo d\u00eda en\u00a0 viviendas del Distrito Nacional.<\/p>\n\n\n\n<p>El detenido es Rafael Garc\u00eda Paniagua, nombre de pila de La Ara\u00f1a, quien obtuvo su apodo por ser especialista en penetrar a residencias escalando o rompiendo puertas y ventanas.<\/p>\n\n\n\n<p><strong>En un comunicado de prensa la PN  precis\u00f3 que La Ara\u00f1a fue apresado en su vivienda en Los Coquitos, Santo Domingo Oeste, por penetrar a tres residencias del Distrito Nacional donde sustrajo 20 mil pesos, una computadora, dos tel\u00e9fonos celulares y otros objetos.<\/strong><\/p>\n\n\n\n<p>\u201cLa Ara\u00f1a\u201d fue identificado por tres de las v\u00edctimas de los robos al observar varios videos en los cuales el detenido fue captado cometiendo sus fechor\u00edas.<\/p>\n\n\n\n<p>El detenido es interrogado para ser puesto a disposici\u00f3n del Ministerio P\u00fablico en las pr\u00f3ximas horas.<\/p>\n\n\n\n<p>Prensa Polic\u00eda Nacional<a rel=\"noreferrer noopener\" target=\"_blank\" href=\"mailto:prensadigitalpn@gmail.com\">prensadigitalpn@gmail.com<\/a><\/p>\n\n\n\n<p>Diariodominicano.com<\/p>\n\n\n\n<p><\/p>\n","protected":false},"excerpt":{"rendered":"<p>El detenido es Rafael Garc\u00eda Paniagua, nombre de pila de La Ara\u00f1a, quien obtuvo su apodo por ser especialista en penetrar a residencias escalando o rompiendo puertas y ventanas. Santo Domingo, RD, Un hombre de 40 a\u00f1os al que apodan \u201cLa Ara\u00f1a\u201d, con amplio historial de sometimientos a la justicia, fue apresado ayer 11 d\u00edas [&hellip;]<\/p>\n","protected":false},"author":2,"featured_media":307642,"comment_status":"closed","ping_status":"","sticky":true,"template":"","format":"standard","meta":{"footnotes":""},"categories":[24,27],"tags":[],"class_list":["post-307641","post","type-post","status-publish","format-standard","has-post-thumbnail","hentry","category-justicia-y-derecho","category-portada"],"_links":{"self":[{"href":"https:\/\/diariodominicano.com\/index.php?rest_route=\/wp\/v2\/posts\/307641","targetHints":{"allow":["GET"]}}],"collection":[{"href":"https:\/\/diariodominicano.com\/index.php?rest_route=\/wp\/v2\/posts"}],"about":[{"href":"https:\/\/diariodominicano.com\/index.php?rest_route=\/wp\/v2\/types\/post"}],"author":[{"embeddable":true,"href":"https:\/\/diariodominicano.com\/index.php?rest_route=\/wp\/v2\/users\/2"}],"replies":[{"embeddable":true,"href":"https:\/\/diariodominicano.com\/index.php?rest_route=%2Fwp%2Fv2%2Fcomments&post=307641"}],"version-history":[{"count":2,"href":"https:\/\/diariodominicano.com\/index.php?rest_route=\/wp\/v2\/posts\/307641\/revisions"}],"predecessor-version":[{"id":307644,"href":"https:\/\/diariodominicano.com\/index.php?rest_route=\/wp\/v2\/posts\/307641\/revisions\/307644"}],"wp:featuredmedia":[{"embeddable":true,"href":"https:\/\/diariodominicano.com\/index.php?rest_route=\/wp\/v2\/media\/307642"}],"wp:attachment":[{"href":"https:\/\/diariodominicano.com\/index.php?rest_route=%2Fwp%2Fv2%2Fmedia&parent=307641"}],"wp:term":[{"taxonomy":"category","embeddable":true,"href":"https:\/\/diariodominicano.com\/index.php?rest_route=%2Fwp%2Fv2%2Fcategories&post=307641"},{"taxonomy":"post_tag","embeddable":true,"href":"https:\/\/diariodominicano.com\/index.php?rest_route=%2Fwp%2Fv2%2Ftags&post=307641"}],"curies":[{"name":"wp","href":"https:\/\/api.w.org\/{rel}","templated":true}]}}