{"id":307618,"date":"2021-11-12T00:53:21","date_gmt":"2021-11-12T04:53:21","guid":{"rendered":"http:\/\/diariodominicano.com\/?p=307618"},"modified":"2021-11-12T00:53:21","modified_gmt":"2021-11-12T04:53:21","slug":"preocupa-dominicanos-nyc-aumento-precios-alimentos-y-combustibles-en-eua","status":"publish","type":"post","link":"https:\/\/diariodominicano.com\/?p=307618","title":{"rendered":"Preocupa dominicanos NYC aumento precios alimentos y combustibles en EUA"},"content":{"rendered":"\n<p><strong>Por Ram\u00f3n Mercedes<\/strong><\/p>\n\n\n\n<p><strong>NUEVA YORK.-<\/strong>&nbsp;Dominicanos residentes en el Alto Manhattan manifestaron su preocupaci\u00f3n por los aumentos de precios en los alimentos de primera necesidad y combustibles en los Estados Unidos, seg\u00fan informe del propio gobierno que recoge la prensa estadounidense.<\/p>\n\n\n\n<p>Andr\u00e9s Tiburcio, Antonio M. Castro, Sigfredo Rojas, Inmaculada de B\u00e1ez, Elvin Marmolejos, Wilson Medina, Daniel Dom\u00ednguez, Miguel Rodr\u00edguez, Leonel Hiciano, y Sonia Rosario, entre otros, indican que los precios al consumidor aumentaron un 6.2% en octubre pasado comparado con el mismo mes del 2020, su m\u00e1s alto \u00edndice de inflaci\u00f3n en m\u00e1s de 30 a\u00f1os (1990), como indica el informe.<\/p>\n\n\n\n<p>El dato del mes pasado sorprendi\u00f3 a la mayor\u00eda de los analistas que esperaba una tasa anual de inflaci\u00f3n del 5.7%.<\/p>\n\n\n\n<p>Los precios de la energ\u00eda subieron en octubre un 4.8% y los de los alimentos un 0.9%, seg\u00fan el gobierno estadounidense.<\/p>\n\n\n\n<p>En concreto, los precios que pagan los consumidores por la gasolina aumentaron un 6.1% el mes pasado y han subido un 49.6% en un a\u00f1o.<\/p>\n\n\n\n<p>En el documento, los quisqueyanos en la Gran Manzana expresan \u201ccre\u00edamos que los aumentos en los alimentos y combustibles eran solo en la Rep\u00fablica Dominicana, pero es a nivel mundial, como anunci\u00f3 la semana pasada la Organizaci\u00f3n de la ONU para la Agricultura y Alimentaci\u00f3n (FAO), sostienen.<\/p>\n","protected":false},"excerpt":{"rendered":"<p>Por Ram\u00f3n Mercedes NUEVA YORK.-&nbsp;Dominicanos residentes en el Alto Manhattan manifestaron su preocupaci\u00f3n por los aumentos de precios en los alimentos de primera necesidad y combustibles en los Estados Unidos, seg\u00fan informe del propio gobierno que recoge la prensa estadounidense. Andr\u00e9s Tiburcio, Antonio M. Castro, Sigfredo Rojas, Inmaculada de B\u00e1ez, Elvin Marmolejos, Wilson Medina, Daniel [&hellip;]<\/p>\n","protected":false},"author":7,"featured_media":307633,"comment_status":"closed","ping_status":"","sticky":true,"template":"","format":"standard","meta":{"footnotes":""},"categories":[23,27],"tags":[],"class_list":["post-307618","post","type-post","status-publish","format-standard","has-post-thumbnail","hentry","category-internacional","category-portada"],"_links":{"self":[{"href":"https:\/\/diariodominicano.com\/index.php?rest_route=\/wp\/v2\/posts\/307618","targetHints":{"allow":["GET"]}}],"collection":[{"href":"https:\/\/diariodominicano.com\/index.php?rest_route=\/wp\/v2\/posts"}],"about":[{"href":"https:\/\/diariodominicano.com\/index.php?rest_route=\/wp\/v2\/types\/post"}],"author":[{"embeddable":true,"href":"https:\/\/diariodominicano.com\/index.php?rest_route=\/wp\/v2\/users\/7"}],"replies":[{"embeddable":true,"href":"https:\/\/diariodominicano.com\/index.php?rest_route=%2Fwp%2Fv2%2Fcomments&post=307618"}],"version-history":[{"count":1,"href":"https:\/\/diariodominicano.com\/index.php?rest_route=\/wp\/v2\/posts\/307618\/revisions"}],"predecessor-version":[{"id":307634,"href":"https:\/\/diariodominicano.com\/index.php?rest_route=\/wp\/v2\/posts\/307618\/revisions\/307634"}],"wp:featuredmedia":[{"embeddable":true,"href":"https:\/\/diariodominicano.com\/index.php?rest_route=\/wp\/v2\/media\/307633"}],"wp:attachment":[{"href":"https:\/\/diariodominicano.com\/index.php?rest_route=%2Fwp%2Fv2%2Fmedia&parent=307618"}],"wp:term":[{"taxonomy":"category","embeddable":true,"href":"https:\/\/diariodominicano.com\/index.php?rest_route=%2Fwp%2Fv2%2Fcategories&post=307618"},{"taxonomy":"post_tag","embeddable":true,"href":"https:\/\/diariodominicano.com\/index.php?rest_route=%2Fwp%2Fv2%2Ftags&post=307618"}],"curies":[{"name":"wp","href":"https:\/\/api.w.org\/{rel}","templated":true}]}}