{"id":307617,"date":"2021-11-12T00:56:46","date_gmt":"2021-11-12T04:56:46","guid":{"rendered":"http:\/\/diariodominicano.com\/?p=307617"},"modified":"2021-11-12T00:56:46","modified_gmt":"2021-11-12T04:56:46","slug":"espaillat-afirma-paises-mas-afectados-cambio-climatico-marcaran-camino","status":"publish","type":"post","link":"https:\/\/diariodominicano.com\/?p=307617","title":{"rendered":"Espaillat afirma pa\u00edses m\u00e1s afectados cambio clim\u00e1tico marcar\u00e1n camino"},"content":{"rendered":"\n<p><strong>Por Ram\u00f3n Mercedes<\/strong><\/p>\n\n\n\n<p><strong>NUEVA YORK.-&nbsp;<\/strong>El congresista Adriano Espaillat, al participar en la Conferencia de las Naciones Unidas sobre el Cambio Clim\u00e1tico (COP26) en Glasgow, Escocia, manifest\u00f3 que aunque ha habido cierta ausencia de algunas naciones, \u201clas voces de los afectados de manera desproporcionada han sido muy fuertes\u201d.<\/p>\n\n\n\n<p>A\u00f1adi\u00f3 que estas voces marcar\u00e1n el camino para garantizar que no solo reconstruyamos mejor, sino que reconstruyamos de manera ecol\u00f3gica.<\/p>\n\n\n\n<p>En la conferencia de prensa, encabezada por la presidente de la C\u00e1mara de Representantes, Nancy Pelosi, el legislador sostuvo que \u201cha sido una discusi\u00f3n productiva\u201d.<\/p>\n\n\n\n<p>Desde el lunes, la Delegaci\u00f3n del Congreso ha participado en una serie de reuniones bilaterales, paneles de discusi\u00f3n y otros compromisos con l\u00edderes mundiales para evaluar las principales prioridades clim\u00e1ticas, incluido el reciente informe del Grupo Intergubernamental de Expertos sobre el Cambio Clim\u00e1tico (IPCC), la equidad de g\u00e9nero y la coordinaci\u00f3n del sector p\u00fablico-privado sobre la acci\u00f3n clim\u00e1tica.<\/p>\n\n\n\n<p>La semana pasada, la C\u00e1mara de Representantes aprob\u00f3 la Ley de Empleos e Infraestructura bipartidista que busca reconstruir la infraestructura de Estados Unidos, aborda la crisis clim\u00e1tica, promueve la justicia ambiental e invierte en comunidades que con demasiada frecuencia han sido dejadas atr\u00e1s.<\/p>\n\n\n\n<p>Tras el regreso de los miembros de la COP26, se espera que la C\u00e1mara apruebe la Ley para Reconstruir Mejor, la red de seguridad social y el proyecto de ley sobre cambio clim\u00e1tico del presidente Joe Biden.<\/p>\n\n\n\n<p>La Ley Build Back Better invertir\u00e1 m\u00e1s de $550 mil millones para realizar el esfuerzo m\u00e1s grande en la historia de la Uni\u00f3n Americana para combatir el cambio clim\u00e1tico.<\/p>\n","protected":false},"excerpt":{"rendered":"<p>Por Ram\u00f3n Mercedes NUEVA YORK.-&nbsp;El congresista Adriano Espaillat, al participar en la Conferencia de las Naciones Unidas sobre el Cambio Clim\u00e1tico (COP26) en Glasgow, Escocia, manifest\u00f3 que aunque ha habido cierta ausencia de algunas naciones, \u201clas voces de los afectados de manera desproporcionada han sido muy fuertes\u201d. A\u00f1adi\u00f3 que estas voces marcar\u00e1n el camino para [&hellip;]<\/p>\n","protected":false},"author":7,"featured_media":307632,"comment_status":"closed","ping_status":"","sticky":true,"template":"","format":"standard","meta":{"footnotes":""},"categories":[23,27],"tags":[],"class_list":["post-307617","post","type-post","status-publish","format-standard","has-post-thumbnail","hentry","category-internacional","category-portada"],"_links":{"self":[{"href":"https:\/\/diariodominicano.com\/index.php?rest_route=\/wp\/v2\/posts\/307617","targetHints":{"allow":["GET"]}}],"collection":[{"href":"https:\/\/diariodominicano.com\/index.php?rest_route=\/wp\/v2\/posts"}],"about":[{"href":"https:\/\/diariodominicano.com\/index.php?rest_route=\/wp\/v2\/types\/post"}],"author":[{"embeddable":true,"href":"https:\/\/diariodominicano.com\/index.php?rest_route=\/wp\/v2\/users\/7"}],"replies":[{"embeddable":true,"href":"https:\/\/diariodominicano.com\/index.php?rest_route=%2Fwp%2Fv2%2Fcomments&post=307617"}],"version-history":[{"count":1,"href":"https:\/\/diariodominicano.com\/index.php?rest_route=\/wp\/v2\/posts\/307617\/revisions"}],"predecessor-version":[{"id":307635,"href":"https:\/\/diariodominicano.com\/index.php?rest_route=\/wp\/v2\/posts\/307617\/revisions\/307635"}],"wp:featuredmedia":[{"embeddable":true,"href":"https:\/\/diariodominicano.com\/index.php?rest_route=\/wp\/v2\/media\/307632"}],"wp:attachment":[{"href":"https:\/\/diariodominicano.com\/index.php?rest_route=%2Fwp%2Fv2%2Fmedia&parent=307617"}],"wp:term":[{"taxonomy":"category","embeddable":true,"href":"https:\/\/diariodominicano.com\/index.php?rest_route=%2Fwp%2Fv2%2Fcategories&post=307617"},{"taxonomy":"post_tag","embeddable":true,"href":"https:\/\/diariodominicano.com\/index.php?rest_route=%2Fwp%2Fv2%2Ftags&post=307617"}],"curies":[{"name":"wp","href":"https:\/\/api.w.org\/{rel}","templated":true}]}}