{"id":307595,"date":"2021-11-11T22:30:38","date_gmt":"2021-11-12T02:30:38","guid":{"rendered":"http:\/\/diariodominicano.com\/?p=307595"},"modified":"2021-11-11T22:30:38","modified_gmt":"2021-11-12T02:30:38","slug":"el-ex-presidente-danilo-medina-juramenta-en-el-pld-a-un-grupo-de-profesionales-quienes-se-comprometen-a-trabajar-por-nuevos-triunfos","status":"publish","type":"post","link":"https:\/\/diariodominicano.com\/?p=307595","title":{"rendered":"El ex Presidente Danilo Medina juramenta en el PLD a un grupo de profesionales, quienes se comprometen a trabajar por nuevos triunfos"},"content":{"rendered":"\n<p> <strong>El juramento fue tomado por el presidente del Partido de la Liberaci\u00f3n Dominicana y expresidente de la Rep\u00fablica, Danilo Medina, en la Oficina del Comit\u00e9 Pol\u00edtico en la zona universitaria.<\/strong> <\/p>\n\n\n\n<p><strong>Santo Domingo, RD, 11 de noviembre de 2021.-<\/strong> <strong>El Partido de la Liberaci\u00f3n Dominicana<\/strong>, PLD, \u00a0celebr\u00f3 el ingreso de nuevos miembros en sus filas procedentes de estratos sociales diferentes del pa\u00eds y el exterior.<\/p>\n\n\n\n<p><strong>Destac\u00f3 este  jueves se jurament\u00f3 un grupo de profesionales que tomaron la decisi\u00f3n de ingresar al PLD.<\/strong><\/p>\n\n\n\n<p>Los juramentados son Pablo Alberty Polanco, abogado, experto en derecho comercial e historiador; Gigi N\u00fa\u00f1ez, empresaria del exterior en el \u00e1rea de desastres naturales e inversi\u00f3n de bienes ra\u00edces; Secundino Mu\u00f1oz, abogado; Ernesto Mej\u00eda, excandidato a alcalde en el municipio de Ranchito por el Partido de Acci\u00f3n Liberal (PAL) y Ruddy Estrella, dirigente Comunitario.<\/p>\n\n\n\n<p><strong>El juramento fue tomado por el presidente del Partido de la Liberaci\u00f3n Dominicana y expresidente de la Rep\u00fablica, Danilo Medina, en la Oficina del Comit\u00e9 Pol\u00edtico en la zona universitaria.<\/strong><\/p>\n\n\n\n<p>\u201cJuran ustedes por la Patria y por su honor respetar y hacer respetar los Estatutos y lineamientos del Partido de la Liberaci\u00f3n Dominicana y someter su vida y conducta a la l\u00ednea que le trace la organizaci\u00f3n\u201d, pregunt\u00f3 Medina, teniendo un \u201cJuramos\u201d, &nbsp;como respuesta.<\/p>\n\n\n\n<p>Los juramentados se comprometieron a trabajar sin descanso para que el PLD asuma de nuevo las riendas del poder en el 2024, recibiendo las felicitaciones y bienvenida de Medina.<\/p>\n\n\n\n<p>El Partido de la Liberaci\u00f3n Dominicana jurament\u00f3 miles de nuevos miembros en San Crist\u00f3bal y La Vega, y est\u00e1n previstas otras juramentaciones.<\/p>\n\n\n\n<p><strong>SECRETARIA DE COMUNICACIONES<\/strong><\/p>\n\n\n\n<p><strong>11 DE NOVIEMBRE, 2021.-<\/strong><\/p>\n","protected":false},"excerpt":{"rendered":"<p>El juramento fue tomado por el presidente del Partido de la Liberaci\u00f3n Dominicana y expresidente de la Rep\u00fablica, Danilo Medina, en la Oficina del Comit\u00e9 Pol\u00edtico en la zona universitaria. Santo Domingo, RD, 11 de noviembre de 2021.- El Partido de la Liberaci\u00f3n Dominicana, PLD, \u00a0celebr\u00f3 el ingreso de nuevos miembros en sus filas procedentes [&hellip;]<\/p>\n","protected":false},"author":2,"featured_media":307597,"comment_status":"closed","ping_status":"","sticky":true,"template":"","format":"standard","meta":{"footnotes":""},"categories":[22,27],"tags":[],"class_list":["post-307595","post","type-post","status-publish","format-standard","has-post-thumbnail","hentry","category-politica","category-portada"],"_links":{"self":[{"href":"https:\/\/diariodominicano.com\/index.php?rest_route=\/wp\/v2\/posts\/307595","targetHints":{"allow":["GET"]}}],"collection":[{"href":"https:\/\/diariodominicano.com\/index.php?rest_route=\/wp\/v2\/posts"}],"about":[{"href":"https:\/\/diariodominicano.com\/index.php?rest_route=\/wp\/v2\/types\/post"}],"author":[{"embeddable":true,"href":"https:\/\/diariodominicano.com\/index.php?rest_route=\/wp\/v2\/users\/2"}],"replies":[{"embeddable":true,"href":"https:\/\/diariodominicano.com\/index.php?rest_route=%2Fwp%2Fv2%2Fcomments&post=307595"}],"version-history":[{"count":1,"href":"https:\/\/diariodominicano.com\/index.php?rest_route=\/wp\/v2\/posts\/307595\/revisions"}],"predecessor-version":[{"id":307598,"href":"https:\/\/diariodominicano.com\/index.php?rest_route=\/wp\/v2\/posts\/307595\/revisions\/307598"}],"wp:featuredmedia":[{"embeddable":true,"href":"https:\/\/diariodominicano.com\/index.php?rest_route=\/wp\/v2\/media\/307597"}],"wp:attachment":[{"href":"https:\/\/diariodominicano.com\/index.php?rest_route=%2Fwp%2Fv2%2Fmedia&parent=307595"}],"wp:term":[{"taxonomy":"category","embeddable":true,"href":"https:\/\/diariodominicano.com\/index.php?rest_route=%2Fwp%2Fv2%2Fcategories&post=307595"},{"taxonomy":"post_tag","embeddable":true,"href":"https:\/\/diariodominicano.com\/index.php?rest_route=%2Fwp%2Fv2%2Ftags&post=307595"}],"curies":[{"name":"wp","href":"https:\/\/api.w.org\/{rel}","templated":true}]}}