{"id":307567,"date":"2021-11-11T22:05:21","date_gmt":"2021-11-12T02:05:21","guid":{"rendered":"http:\/\/diariodominicano.com\/?p=307567"},"modified":"2021-11-11T22:05:21","modified_gmt":"2021-11-12T02:05:21","slug":"pn-cae-abatido-al-enfrentar-patrulla-pn-uno-de-tres-presuntos-delincuentes-buscados-por-asesinato-del-hijo-de-instagramer-la-real-vida-acosta","status":"publish","type":"post","link":"https:\/\/diariodominicano.com\/?p=307567","title":{"rendered":"PN: Cae abatido al enfrentar patrulla PN uno de tres presuntos delincuentes buscados por asesinato del hijo de instagramer \u201cLa Real Vida Acosta\u201d"},"content":{"rendered":"\n<p><strong>Fiscales, m\u00e9dico legista y agentes son atacados a tiros, pedradas y botellazos cuando levantaban cad\u00e1ver. \u00a0<\/strong><\/p>\n\n\n\n<p><strong>Santo Domingo, RD, 11 de noviembre de 2021.-<\/strong> La Polic\u00eda Nacional inform\u00f3 la noche del jueves que un presunto delincuente que era buscado con cuatro \u00f3rdenes de arresto, dos de ellas por homicidios, cay\u00f3 abatido la ma\u00f1ana de hoy a manos de agentes policiales que repelieron una agresi\u00f3n a tiros en la zona conocida como \u201cLa Ca\u00f1ada del Diablo\u201d, barrio Sim\u00f3n Bol\u00edvar, de esta capital, hecho que se encuentra bajo investigaci\u00f3n.<\/p>\n\n\n\n<p>Dijo, adem\u00e1s, que posteriormente cuando los fiscales, m\u00e9dico legista y personal de la Polic\u00eda Cient\u00edfica, acompa\u00f1ados por personal policial, acudieron a la escena para levantar el cad\u00e1ver de Engels Mart\u00ednez Evangelista \u00abTaino\u00bb, de 22 a\u00f1os, a quien le fue ocupada una pistola,&nbsp;fueron agredidos a tiros, pedradas y botellazos por presuntos delincuentes que operan en la zona antes citada, entre los que figuran los apodados \u201cPatico\u201d y \u201cErick Kenco\u201d.<\/p>\n\n\n\n<p>Producto de esta agresi\u00f3n, conforme al reporte preliminar, result\u00f3 herido de bala en la pierna izquierda el sargento mayor policial Franklin Alberto de Le\u00f3n Zabala, de 37 a\u00f1os, quien acudi\u00f3 al lugar junto a los fiscales, m\u00e9dico legista y Polic\u00eda Cient\u00edfica. El suboficial&nbsp;se encuentra interno en un centro de salud, donde recibe atenciones m\u00e9dicas.<\/p>\n\n\n\n<p><strong>La Polic\u00eda indic\u00f3 que en poder de Mart\u00ednez Evangelista \u201cTaino\u201d se ocup\u00f3 la pistola Taurus, modelo PT92, calibre 9mm., No. TQF84237, con su cargador, y precis\u00f3 que trabaja para determinar el origen del arma de fuego ocupada al hoy occiso.<\/strong><\/p>\n\n\n\n<p>Conforme a los agentes actuantes, alrededor de las 11:20 de la ma\u00f1ana, patrullaban a bordo de una motocicleta por la calle Respaldo Las Am\u00e9ricas, Callej\u00f3n de Julin, pr\u00f3ximo a la casa n\u00famero 2, parte atr\u00e1s, del sector antes indicado, donde hicieron contacto visual con \u201cTaino\u201d, quien de inmediato la emprendi\u00f3 a tiros contra ellos, por lo que se vieron en la obligaci\u00f3n de repeler la agresi\u00f3n, logrando ultimar a su atacante y pr\u00f3fugo por m\u00faltiples cr\u00edmenes y delitos.<\/p>\n\n\n\n<p>La Polic\u00eda Cient\u00edfica colect\u00f3 en la escena un proyectil mutilado y debi\u00f3 suspender sus labores producto de la agresi\u00f3n.<\/p>\n\n\n\n<p><strong>Buscado por m\u00faltiples delitos<\/strong><\/p>\n\n\n\n<p>La Polic\u00eda tambi\u00e9n  inform\u00f3 que \u201cTaino\u201d era buscado\u00a0mediante orden judicial de arresto No. 0315-OCTUBRE-2021, por ultimado por herida de bala a Michael Erickson Contreras Acosta \u201cEl Chonch\u00f3n\u201d, en hecho ocurrido en fecha 24-10-2021, en el sector Sim\u00f3n Bol\u00edvar, Distrito Nacional.<\/p>\n\n\n\n<p>Tambi\u00e9n por haberle ocasionado heridas de balas al presunto delincuente Richard Russel Feliz Feliz, en fecha 09-10-2021, en el mismo sector.<\/p>\n\n\n\n<p>Adem\u00e1s, por el intento de asalto en contra del cabo Eddy Sa\u00fal Santiago P\u00e9rez, P.N., en fecha 20-08-2021, en el sector Sim\u00f3n Bol\u00edvar, D.N., en el cual le realizaron varios disparos e impactaron el veh\u00edculo del citado alistado.<\/p>\n\n\n\n<p>Era buscado, adem\u00e1s, por haberle ocasionado herida de bala a un adolescente de 15 a\u00f1os, en fecha 08-10-2020, en un hecho ocurrido en el referido sector.<\/p>\n\n\n\n<p>Contra el hoy occiso tambi\u00e9n se hab\u00eda emitido la orden judicial de arresto No. 0209-MARZO-2021, por haberle causado golpes y heridas a la v\u00edctima Tal\u00f3n Walther Medina, en fecha 18-02-2021, en&nbsp;el sector Sim\u00f3n Bol\u00edvar.<\/p>\n\n\n\n<p>Tambi\u00e9n mediante orden judicial de arresto No. 0267-AGOSTO-2020, por el hecho de haber despojado de sus pertenencias a mano\u00a0armada a los ciudadanos Juan Jos\u00e9 L\u00f3pez Lugo y Jos\u00e9 Berig\u00fcete Santana, en fecha 08-08-2020, en el sector antes indicado.<\/p>\n\n\n\n<p><strong>Prensa Polic\u00eda Nacional<\/strong><a rel=\"noreferrer noopener\" target=\"_blank\" href=\"mailto:prensadigitalpn@gmail.com\">prensadigitalpn@gmail.com<\/a><\/p>\n","protected":false},"excerpt":{"rendered":"<p>Fiscales, m\u00e9dico legista y agentes son atacados a tiros, pedradas y botellazos cuando levantaban cad\u00e1ver. \u00a0 Santo Domingo, RD, 11 de noviembre de 2021.- La Polic\u00eda Nacional inform\u00f3 la noche del jueves que un presunto delincuente que era buscado con cuatro \u00f3rdenes de arresto, dos de ellas por homicidios, cay\u00f3 abatido la ma\u00f1ana de hoy [&hellip;]<\/p>\n","protected":false},"author":2,"featured_media":0,"comment_status":"closed","ping_status":"","sticky":true,"template":"","format":"standard","meta":{"footnotes":""},"categories":[24,27],"tags":[],"class_list":["post-307567","post","type-post","status-publish","format-standard","hentry","category-justicia-y-derecho","category-portada"],"_links":{"self":[{"href":"https:\/\/diariodominicano.com\/index.php?rest_route=\/wp\/v2\/posts\/307567","targetHints":{"allow":["GET"]}}],"collection":[{"href":"https:\/\/diariodominicano.com\/index.php?rest_route=\/wp\/v2\/posts"}],"about":[{"href":"https:\/\/diariodominicano.com\/index.php?rest_route=\/wp\/v2\/types\/post"}],"author":[{"embeddable":true,"href":"https:\/\/diariodominicano.com\/index.php?rest_route=\/wp\/v2\/users\/2"}],"replies":[{"embeddable":true,"href":"https:\/\/diariodominicano.com\/index.php?rest_route=%2Fwp%2Fv2%2Fcomments&post=307567"}],"version-history":[{"count":1,"href":"https:\/\/diariodominicano.com\/index.php?rest_route=\/wp\/v2\/posts\/307567\/revisions"}],"predecessor-version":[{"id":307568,"href":"https:\/\/diariodominicano.com\/index.php?rest_route=\/wp\/v2\/posts\/307567\/revisions\/307568"}],"wp:attachment":[{"href":"https:\/\/diariodominicano.com\/index.php?rest_route=%2Fwp%2Fv2%2Fmedia&parent=307567"}],"wp:term":[{"taxonomy":"category","embeddable":true,"href":"https:\/\/diariodominicano.com\/index.php?rest_route=%2Fwp%2Fv2%2Fcategories&post=307567"},{"taxonomy":"post_tag","embeddable":true,"href":"https:\/\/diariodominicano.com\/index.php?rest_route=%2Fwp%2Fv2%2Ftags&post=307567"}],"curies":[{"name":"wp","href":"https:\/\/api.w.org\/{rel}","templated":true}]}}