{"id":307562,"date":"2021-11-11T21:52:30","date_gmt":"2021-11-12T01:52:30","guid":{"rendered":"http:\/\/diariodominicano.com\/?p=307562"},"modified":"2021-11-11T21:54:26","modified_gmt":"2021-11-12T01:54:26","slug":"micm-y-anje-inician-agenda-comun-en-favor-de-los-emprendedores","status":"publish","type":"post","link":"https:\/\/diariodominicano.com\/?p=307562","title":{"rendered":"MICM y ANJE inician agenda com\u00fan en favor de los emprendedores"},"content":{"rendered":"\n<p> En el acto de firma  estuvo encabezado por el ministro de Industria, Comercio y Mipymes, Victor- Ito- Bison\u00f3 y\u00a0 Luis Manuel Pellerano, presidente de ANJE.<\/p>\n\n\n\n<p><\/p>\n\n\n\n<p> <strong>SANTO DOMINGO.-<\/strong>\u00a0En el marco de la Semana Global de Emprendimiento y con el objetivo de establecer una alianza para promover acciones que contribuyan al desarrollo de habilidades empresariales que aseguren competitividad de los emprendedores, el Ministerio de Industria, Comercio y Mipymes (MICM) y la Asociaci\u00f3n Nacional de J\u00f3venes Empresarios (ANJE) unieron esfuerzos, a trav\u00e9s de un acuerdo de colaboraci\u00f3n interinstitucional.\u00a0<\/p>\n\n\n\n<p>En el acto de firma que estuvo encabezado por el ministro de Industria, Comercio y Mipymes, Victor- Ito- Bison\u00f3 junto a&nbsp; Luis Manuel Pellerano, presidente de ANJE, ambas entidades rubricaron el acuerdo que permitir\u00e1 realizar las acciones que sean necesarias para desarrollar habilidades empresariales para proyectos emprendedores e innovadores que presenten sostenibilidad, as\u00ed como desarrollar iniciativas de mentor\u00eda dirigidas al ecosistema emprendedor sobre contenidos especializados para potenciar empresas innovadoras.&nbsp;<\/p>\n\n\n\n<p>\u201cContinuamos dando pasos firmes en favor de los emprendedores dominicanos, a quienes consideramos activos nacionales que debemos apoyar e impactar positivamente a trav\u00e9s de pol\u00edticas e iniciativas como estas para lograr m\u00e1s y mejores oportunidades para todos\u201d, enfatiz\u00f3 el ministro Bison\u00f3.<\/p>\n\n\n\n<p>Asimismo, Pellerano agreg\u00f3 que&nbsp;<em>\u201cEste acuerdo se consolida como un hito que, junto con los tradicionales aportes de la Comisi\u00f3n de Emprendimiento, Innovaci\u00f3n y Mipymes de nuestra asociaci\u00f3n y con los pasos que continuaremos dando en favor del emprendedor dominicano, ser\u00e1 la plataforma para fortalecer el ecosistema para la incubaci\u00f3n de emprendimientos que inciden en el desarrollo social y econ\u00f3mico de la Rep\u00fablica Dominicana\u201d.&nbsp;<\/em><\/p>\n\n\n\n<p>El acuerdo tambi\u00e9n permitir\u00e1 la difusi\u00f3n de la segunda edici\u00f3n del estudio\u00a0<em>\u201cGlobal Entrepreneurship Monitor\u201d<\/em>\u00a0(GEM), el mayor estudio internacional sobre emprendimiento, en el que desde 1999 han participado y salido publicados m\u00e1s de 115 pa\u00edses.\u00a0<\/p>\n\n\n\n<p>Muriel Cuesta<a target=\"_blank\" href=\"mailto:mcuesta@anje.org\" rel=\"noreferrer noopener\">mcuesta@anje.org<\/a><\/p>\n","protected":false},"excerpt":{"rendered":"<p>En el acto de firma estuvo encabezado por el ministro de Industria, Comercio y Mipymes, Victor- Ito- Bison\u00f3 y\u00a0 Luis Manuel Pellerano, presidente de ANJE. SANTO DOMINGO.-\u00a0En el marco de la Semana Global de Emprendimiento y con el objetivo de establecer una alianza para promover acciones que contribuyan al desarrollo de habilidades empresariales que aseguren [&hellip;]<\/p>\n","protected":false},"author":2,"featured_media":307563,"comment_status":"closed","ping_status":"","sticky":true,"template":"","format":"standard","meta":{"footnotes":""},"categories":[18,27],"tags":[],"class_list":["post-307562","post","type-post","status-publish","format-standard","has-post-thumbnail","hentry","category-economia","category-portada"],"_links":{"self":[{"href":"https:\/\/diariodominicano.com\/index.php?rest_route=\/wp\/v2\/posts\/307562","targetHints":{"allow":["GET"]}}],"collection":[{"href":"https:\/\/diariodominicano.com\/index.php?rest_route=\/wp\/v2\/posts"}],"about":[{"href":"https:\/\/diariodominicano.com\/index.php?rest_route=\/wp\/v2\/types\/post"}],"author":[{"embeddable":true,"href":"https:\/\/diariodominicano.com\/index.php?rest_route=\/wp\/v2\/users\/2"}],"replies":[{"embeddable":true,"href":"https:\/\/diariodominicano.com\/index.php?rest_route=%2Fwp%2Fv2%2Fcomments&post=307562"}],"version-history":[{"count":3,"href":"https:\/\/diariodominicano.com\/index.php?rest_route=\/wp\/v2\/posts\/307562\/revisions"}],"predecessor-version":[{"id":307566,"href":"https:\/\/diariodominicano.com\/index.php?rest_route=\/wp\/v2\/posts\/307562\/revisions\/307566"}],"wp:featuredmedia":[{"embeddable":true,"href":"https:\/\/diariodominicano.com\/index.php?rest_route=\/wp\/v2\/media\/307563"}],"wp:attachment":[{"href":"https:\/\/diariodominicano.com\/index.php?rest_route=%2Fwp%2Fv2%2Fmedia&parent=307562"}],"wp:term":[{"taxonomy":"category","embeddable":true,"href":"https:\/\/diariodominicano.com\/index.php?rest_route=%2Fwp%2Fv2%2Fcategories&post=307562"},{"taxonomy":"post_tag","embeddable":true,"href":"https:\/\/diariodominicano.com\/index.php?rest_route=%2Fwp%2Fv2%2Ftags&post=307562"}],"curies":[{"name":"wp","href":"https:\/\/api.w.org\/{rel}","templated":true}]}}