{"id":307559,"date":"2021-11-11T21:22:49","date_gmt":"2021-11-12T01:22:49","guid":{"rendered":"http:\/\/diariodominicano.com\/?p=307559"},"modified":"2021-11-11T21:22:49","modified_gmt":"2021-11-12T01:22:49","slug":"tribunal-superior-electoral-realiza-este-viernes-conversatorio-sobre-violencia-politica-de-genero","status":"publish","type":"post","link":"https:\/\/diariodominicano.com\/?p=307559","title":{"rendered":"Tribunal Superior Electoral realiza este viernes conversatorio sobre \u201cViolencia Pol\u00edtica de G\u00e9nero\u201d"},"content":{"rendered":"\n<p>\u00a0<strong>SANTO DOMINGO, RD. &#8211;<\/strong> El D\u00eda Internacional de la Eliminaci\u00f3n de la Violencia contra la Mujer, ser\u00e1 conmemorado este viernes por el Tribunal Superior Electoral (TSE), con un conversatorio titulado\u00a0\u201cViolencia Pol\u00edtica de G\u00e9nero\u201d.<\/p>\n\n\n\n<p>El conversatorio se iniciar\u00e1 con la presentaci\u00f3n de tres cortometrajes sobre violencia pol\u00edtica, en el auditorio de la Suprema Corte de Justicia, a partir de las 10:00 de la ma\u00f1ana.<\/p>\n\n\n\n<p>Posterior al rodaje de los cortometrajes habr\u00e1 una interacci\u00f3n de los panelistas sobre el contenido y luego ser\u00e1 con los asistentes sobre el tema para que expresen sus puntos de vistas al respecto.<\/p>\n\n\n\n<p>Las palabras de bienvenida estar\u00e1n a cargo de la jueza titular del TSE, magistrada Rosa P\u00e9rez de Garc\u00eda&nbsp;<\/p>\n\n\n\n<p>Como panelistas participar\u00e1n la psic\u00f3loga, licenciada Marisol Guzm\u00e1n; la magistrada Rosa P\u00e9rez de Garc\u00eda&nbsp;&nbsp; y la licenciada Laura Hern\u00e1ndez, subdirectora de la Comisi\u00f3n de Pol\u00edticas de Igualdad de G\u00e9nero de la Junta Central Electoral (JCE).<\/p>\n\n\n\n<p>El&nbsp;D\u00eda Internacional de la Eliminaci\u00f3n de la Violencia contra la Mujer&nbsp;se conmemora anualmente el&nbsp;25 de noviembre&nbsp;para denunciar la violencia que se ejerce sobre las mujeres en todo el mundo y reclamar pol\u00edticas en todos los pa\u00edses para su erradicaci\u00f3n.<\/p>\n\n\n\n<p>La convocatoria fue iniciada por el&nbsp;movimiento feminista&nbsp;latinoamericano en&nbsp;1981, en conmemoraci\u00f3n a la fecha en la que fueron asesinadas, en 1960, las tres&nbsp;hermanas Mirabal&nbsp;(Patria,&nbsp;Minerva&nbsp;y&nbsp;Mar\u00eda Teresa), en la&nbsp;Rep\u00fablica Dominicana.<\/p>\n\n\n\n<p>En 1999, la jornada de reivindicaci\u00f3n fue asumida por la&nbsp;Asamblea General de las Naciones Unidas&nbsp;en su resoluci\u00f3n 54\/134, el&nbsp;17 de diciembre&nbsp;de&nbsp;1999, entendiendo por violencia contra la mujer \u00abtodo acto de violencia basado en la pertenencia al sexo femenino que tenga o pueda tener como resultado un da\u00f1o o sufrimiento f\u00edsico, sexual o psicol\u00f3gico para la mujer, as\u00ed como las amenazas de tales actos, la coacci\u00f3n o la privaci\u00f3n arbitraria de la libertad, tanto si se producen en la vida p\u00fablica como en la vida privada\u00bb.<br>&#8212;<br><strong>Direcci\u00f3n de Comunicaciones TSE<\/strong><\/p>\n","protected":false},"excerpt":{"rendered":"<p>\u00a0SANTO DOMINGO, RD. &#8211; El D\u00eda Internacional de la Eliminaci\u00f3n de la Violencia contra la Mujer, ser\u00e1 conmemorado este viernes por el Tribunal Superior Electoral (TSE), con un conversatorio titulado\u00a0\u201cViolencia Pol\u00edtica de G\u00e9nero\u201d. El conversatorio se iniciar\u00e1 con la presentaci\u00f3n de tres cortometrajes sobre violencia pol\u00edtica, en el auditorio de la Suprema Corte de Justicia, [&hellip;]<\/p>\n","protected":false},"author":2,"featured_media":307560,"comment_status":"closed","ping_status":"","sticky":true,"template":"","format":"standard","meta":{"footnotes":""},"categories":[22,27],"tags":[],"class_list":["post-307559","post","type-post","status-publish","format-standard","has-post-thumbnail","hentry","category-politica","category-portada"],"_links":{"self":[{"href":"https:\/\/diariodominicano.com\/index.php?rest_route=\/wp\/v2\/posts\/307559","targetHints":{"allow":["GET"]}}],"collection":[{"href":"https:\/\/diariodominicano.com\/index.php?rest_route=\/wp\/v2\/posts"}],"about":[{"href":"https:\/\/diariodominicano.com\/index.php?rest_route=\/wp\/v2\/types\/post"}],"author":[{"embeddable":true,"href":"https:\/\/diariodominicano.com\/index.php?rest_route=\/wp\/v2\/users\/2"}],"replies":[{"embeddable":true,"href":"https:\/\/diariodominicano.com\/index.php?rest_route=%2Fwp%2Fv2%2Fcomments&post=307559"}],"version-history":[{"count":1,"href":"https:\/\/diariodominicano.com\/index.php?rest_route=\/wp\/v2\/posts\/307559\/revisions"}],"predecessor-version":[{"id":307561,"href":"https:\/\/diariodominicano.com\/index.php?rest_route=\/wp\/v2\/posts\/307559\/revisions\/307561"}],"wp:featuredmedia":[{"embeddable":true,"href":"https:\/\/diariodominicano.com\/index.php?rest_route=\/wp\/v2\/media\/307560"}],"wp:attachment":[{"href":"https:\/\/diariodominicano.com\/index.php?rest_route=%2Fwp%2Fv2%2Fmedia&parent=307559"}],"wp:term":[{"taxonomy":"category","embeddable":true,"href":"https:\/\/diariodominicano.com\/index.php?rest_route=%2Fwp%2Fv2%2Fcategories&post=307559"},{"taxonomy":"post_tag","embeddable":true,"href":"https:\/\/diariodominicano.com\/index.php?rest_route=%2Fwp%2Fv2%2Ftags&post=307559"}],"curies":[{"name":"wp","href":"https:\/\/api.w.org\/{rel}","templated":true}]}}