{"id":307554,"date":"2021-11-11T21:18:02","date_gmt":"2021-11-12T01:18:02","guid":{"rendered":"http:\/\/diariodominicano.com\/?p=307554"},"modified":"2021-11-11T21:18:57","modified_gmt":"2021-11-12T01:18:57","slug":"fao-y-unev-imparten-curso-agricultura-familiar","status":"publish","type":"post","link":"https:\/\/diariodominicano.com\/?p=307554","title":{"rendered":"FAO Y UNEV IMPARTEN CURSO AGRICULTURA FAMILIAR"},"content":{"rendered":"\n<p><strong>Villa Altagracia, San Crist\u00f3bal<\/strong>.\u00a0 La Presidencia de la Rep\u00fablica a trav\u00e9s de su programa \u201cSup\u00e9rate\u201d, la Organizaci\u00f3n de las Naciones Unidas para la Alimentaci\u00f3n y la Agricultura (FAO), y la Universidad Nacional Evang\u00e9lica (UNEV) entregaron diplomas a j\u00f3venes de las diferentes regiones del pa\u00eds perteneciente al programa de \u201cAgricultura familiar\u201d.<\/p>\n\n\n\n<p>Los j\u00f3venes instruidos pertenecen a los proyectos Casa Sombra de la Regi\u00f3n Sur del Pa\u00eds, Villa Altagracia, El\u00edas Pi\u00f1a, San Juan&nbsp; &nbsp;y Azua, quienes agotaron toda una jornada formativa que abarc\u00f3 los d\u00edas 5,6 y 7 de noviembre del a\u00f1o en curso.&nbsp;<\/p>\n\n\n\n<p>Durante el entrenamiento los j\u00f3venes recibieron capacitaci\u00f3n en la producci\u00f3n org\u00e1nica de hortalizas, equidad de g\u00e9nero, sostenibilidad, viveros, sistemas silvo-pastoriles y producci\u00f3n pecuaria.<\/p>\n\n\n\n<p>El decano de FADER, V\u00edctor Espaillat, explic\u00f3 que la actividad fue organizada para capacitar a j\u00f3venes de estas comunidades sure\u00f1as empobrecidas como una forma mejorar la composici\u00f3n de la canasta b\u00e1sica en los hogares&nbsp;&nbsp; de familias involucradas en proveer fuentes de alimentos esenciales como hortalizas y vegetales, as\u00ed como granjas de peces y gallinas ponedoras.<\/p>\n\n\n\n<p>La entrega estuvo a cargo del rector de la entidad, doctor Juan Guerrero \u00c1vila, junto al ingeniero V\u00edctor Espaillat, decano de la Facultad de Desarrollo Rural, en una ceremonia realizada en las instalaciones del Centro de Agricultura Sostenible con Tecnolog\u00eda Apropiada (CASTA), en el municipio de Villa Altagracia, provincia San Crist\u00f3bal.\u00a0<\/p>\n\n\n\n<p><\/p>\n\n\n\n<p><strong>Felix Caraballo<\/strong><a rel=\"noreferrer noopener\" target=\"_blank\" href=\"mailto:felixcaraballor@gmail.com\">felixcaraballor@gmail.com<\/a><\/p>\n\n\n\n<p><br>&#8212;<\/p>\n","protected":false},"excerpt":{"rendered":"<p>Villa Altagracia, San Crist\u00f3bal.\u00a0 La Presidencia de la Rep\u00fablica a trav\u00e9s de su programa \u201cSup\u00e9rate\u201d, la Organizaci\u00f3n de las Naciones Unidas para la Alimentaci\u00f3n y la Agricultura (FAO), y la Universidad Nacional Evang\u00e9lica (UNEV) entregaron diplomas a j\u00f3venes de las diferentes regiones del pa\u00eds perteneciente al programa de \u201cAgricultura familiar\u201d. Los j\u00f3venes instruidos pertenecen a [&hellip;]<\/p>\n","protected":false},"author":2,"featured_media":307557,"comment_status":"closed","ping_status":"","sticky":true,"template":"","format":"standard","meta":{"footnotes":""},"categories":[18,27],"tags":[],"class_list":["post-307554","post","type-post","status-publish","format-standard","has-post-thumbnail","hentry","category-economia","category-portada"],"_links":{"self":[{"href":"https:\/\/diariodominicano.com\/index.php?rest_route=\/wp\/v2\/posts\/307554","targetHints":{"allow":["GET"]}}],"collection":[{"href":"https:\/\/diariodominicano.com\/index.php?rest_route=\/wp\/v2\/posts"}],"about":[{"href":"https:\/\/diariodominicano.com\/index.php?rest_route=\/wp\/v2\/types\/post"}],"author":[{"embeddable":true,"href":"https:\/\/diariodominicano.com\/index.php?rest_route=\/wp\/v2\/users\/2"}],"replies":[{"embeddable":true,"href":"https:\/\/diariodominicano.com\/index.php?rest_route=%2Fwp%2Fv2%2Fcomments&post=307554"}],"version-history":[{"count":3,"href":"https:\/\/diariodominicano.com\/index.php?rest_route=\/wp\/v2\/posts\/307554\/revisions"}],"predecessor-version":[{"id":307558,"href":"https:\/\/diariodominicano.com\/index.php?rest_route=\/wp\/v2\/posts\/307554\/revisions\/307558"}],"wp:featuredmedia":[{"embeddable":true,"href":"https:\/\/diariodominicano.com\/index.php?rest_route=\/wp\/v2\/media\/307557"}],"wp:attachment":[{"href":"https:\/\/diariodominicano.com\/index.php?rest_route=%2Fwp%2Fv2%2Fmedia&parent=307554"}],"wp:term":[{"taxonomy":"category","embeddable":true,"href":"https:\/\/diariodominicano.com\/index.php?rest_route=%2Fwp%2Fv2%2Fcategories&post=307554"},{"taxonomy":"post_tag","embeddable":true,"href":"https:\/\/diariodominicano.com\/index.php?rest_route=%2Fwp%2Fv2%2Ftags&post=307554"}],"curies":[{"name":"wp","href":"https:\/\/api.w.org\/{rel}","templated":true}]}}