{"id":307549,"date":"2021-11-11T21:02:08","date_gmt":"2021-11-12T01:02:08","guid":{"rendered":"http:\/\/diariodominicano.com\/?p=307549"},"modified":"2021-11-11T21:03:00","modified_gmt":"2021-11-12T01:03:00","slug":"margarita-cedeno-afirma-representa-el-liderazgo-politico-transformador-e-innovador-que-demanda-el-pueblo-dominicano","status":"publish","type":"post","link":"https:\/\/diariodominicano.com\/?p=307549","title":{"rendered":"Margarita Cede\u00f1o afirma  representa el liderazgo pol\u00edtico transformador e innovador que demanda el pueblo dominicano"},"content":{"rendered":"\n<p><strong>Santo Domingo, RD, 11 de noviembre 2021.-<\/strong> La ex vicepresidenta de la Rep\u00fablica y aspirante a la nominaci\u00f3n presidencial por el Partido de la Liberaci\u00f3n Dominicana (PLD), Margarita Cede\u00f1o, afirm\u00f3 que encarna el nuevo liderazgo pol\u00edtico transformador e innovador que demanda la Rep\u00fablica Dominicana en la actual coyuntura.<\/p>\n\n\n\n<p><strong>Dijo que la sociedad est\u00e1 requiriendo de l\u00edderes conocedores de la estructura social dominicana, emp\u00e1ticos, cercanos, innovadores, capaces y solidarios, que puedan asumir con eficacia los grandes desaf\u00edos que tiene por delante el pa\u00eds, luego del impacto generado por el postcovid-19.<\/strong><\/p>\n\n\n\n<p>\u201cRepresento ese liderazgo renovador, transformador, social, cercano y emp\u00e1tico. Iremos a la Presidencia de la Rep\u00fablica con la firme voluntad de retomar la senda de progreso y de desarrollo que se instaur\u00f3 el PLD y que, desafortunadamente, se ha abandonado\u201d, expres\u00f3.<\/p>\n\n\n\n<p>Cede\u00f1o asegur\u00f3 que junto a su partido y la poblaci\u00f3n dominicana trabajar\u00e1 sin descanso en recobrar la esperanza en la construcci\u00f3n de una sociedad m\u00e1s justa, humana y solidaria, en la que sus habitantes puedan vivir con bienestar y sosiego.<\/p>\n\n\n\n<p>Precis\u00f3 que su experiencia en la ejecuci\u00f3n de programas sociales exitosos e inclusivos le ayudar\u00e1 bastante en su rol futuro, esta vez como la jefa del Estado.<\/p>\n\n\n\n<p><strong>Clara simpat\u00eda<\/strong><\/p>\n\n\n\n<p>La tambi\u00e9n miembro del Comit\u00e9 Pol\u00edtico del PLD dijo que el aprecio de gran parte del pueblo dominicano hacia ella no es nuevo, sino que data del a\u00f1o 2005, cuando las encuestas comenzaron a mostrar la empat\u00eda y el aprecio de la poblaci\u00f3n.<\/p>\n\n\n\n<p>Diversas circunstancias que se produjeron a lo interno de mi organizaci\u00f3n pol\u00edtica, agreg\u00f3, detuvieron ese ascenso a la direcci\u00f3n del Estado, pero ha llegado el momento, porque los tiempos de Dios son perfectos.<\/p>\n\n\n\n<p>Destac\u00f3 el hecho de que el a\u00f1o pasado diversos estudios de opini\u00f3n reflejaban claramente que ganaba la Presidencia de la Rep\u00fablica si el PLD la nominaba a las elecciones.<\/p>\n\n\n\n<p>Cede\u00f1o indic\u00f3 que ya (eso es) historia, y que lo importante radica en que ahora se prepara para ganar la nominaci\u00f3n en el proceso interno y luego las elecciones presidenciales previstas a celebrarse en el a\u00f1o 2024.<\/p>\n\n\n\n<p>Consider\u00f3 que r\u00e1pidamente el pueblo dominicano se ha dado cuenta que son los pelede\u00edstas quienes conocen la administraci\u00f3n p\u00fablica y las formas de c\u00f3mo se producen las riquezas necesarias para generar progreso colectivo.<\/p>\n\n\n\n<p>Dijo que no tiene duda de que actualmente mora en el coraz\u00f3n de los dominicanos, \u201cpor lo que asumo el compromiso de acompa\u00f1arlos para mejorar las condiciones materiales y espirituales de vida de mucha gente hoy se encuentran en la desesperanza\u201d.<\/p>\n\n\n\n<p><\/p>\n\n\n\n<p><strong>Justo Maracallo<\/strong>\u00a0&lt;jjmaracallo@gmail.com><\/p>\n","protected":false},"excerpt":{"rendered":"<p>Santo Domingo, RD, 11 de noviembre 2021.- La ex vicepresidenta de la Rep\u00fablica y aspirante a la nominaci\u00f3n presidencial por el Partido de la Liberaci\u00f3n Dominicana (PLD), Margarita Cede\u00f1o, afirm\u00f3 que encarna el nuevo liderazgo pol\u00edtico transformador e innovador que demanda la Rep\u00fablica Dominicana en la actual coyuntura. Dijo que la sociedad est\u00e1 requiriendo de [&hellip;]<\/p>\n","protected":false},"author":2,"featured_media":307550,"comment_status":"closed","ping_status":"","sticky":true,"template":"","format":"standard","meta":{"footnotes":""},"categories":[22,27],"tags":[],"class_list":["post-307549","post","type-post","status-publish","format-standard","has-post-thumbnail","hentry","category-politica","category-portada"],"_links":{"self":[{"href":"https:\/\/diariodominicano.com\/index.php?rest_route=\/wp\/v2\/posts\/307549","targetHints":{"allow":["GET"]}}],"collection":[{"href":"https:\/\/diariodominicano.com\/index.php?rest_route=\/wp\/v2\/posts"}],"about":[{"href":"https:\/\/diariodominicano.com\/index.php?rest_route=\/wp\/v2\/types\/post"}],"author":[{"embeddable":true,"href":"https:\/\/diariodominicano.com\/index.php?rest_route=\/wp\/v2\/users\/2"}],"replies":[{"embeddable":true,"href":"https:\/\/diariodominicano.com\/index.php?rest_route=%2Fwp%2Fv2%2Fcomments&post=307549"}],"version-history":[{"count":3,"href":"https:\/\/diariodominicano.com\/index.php?rest_route=\/wp\/v2\/posts\/307549\/revisions"}],"predecessor-version":[{"id":307553,"href":"https:\/\/diariodominicano.com\/index.php?rest_route=\/wp\/v2\/posts\/307549\/revisions\/307553"}],"wp:featuredmedia":[{"embeddable":true,"href":"https:\/\/diariodominicano.com\/index.php?rest_route=\/wp\/v2\/media\/307550"}],"wp:attachment":[{"href":"https:\/\/diariodominicano.com\/index.php?rest_route=%2Fwp%2Fv2%2Fmedia&parent=307549"}],"wp:term":[{"taxonomy":"category","embeddable":true,"href":"https:\/\/diariodominicano.com\/index.php?rest_route=%2Fwp%2Fv2%2Fcategories&post=307549"},{"taxonomy":"post_tag","embeddable":true,"href":"https:\/\/diariodominicano.com\/index.php?rest_route=%2Fwp%2Fv2%2Ftags&post=307549"}],"curies":[{"name":"wp","href":"https:\/\/api.w.org\/{rel}","templated":true}]}}