{"id":307546,"date":"2021-11-11T20:56:20","date_gmt":"2021-11-12T00:56:20","guid":{"rendered":"http:\/\/diariodominicano.com\/?p=307546"},"modified":"2021-11-11T20:56:20","modified_gmt":"2021-11-12T00:56:20","slug":"ministerio-publico-sometera-hombre-que-provoco-muerte-a-yanelis-arias-lopez-tras-lanzarle-acido-del-diablo","status":"publish","type":"post","link":"https:\/\/diariodominicano.com\/?p=307546","title":{"rendered":"Ministerio P\u00fablico someter\u00e1 hombre que provoc\u00f3 muerte a Yanelis Arias L\u00f3pez tras lanzarle \u201c\u00e1cido del diablo\u201d"},"content":{"rendered":"\n<p><em><u>Agust\u00edn Pimentel, quien se encontraba pr\u00f3fugo luego de cometer el hecho en septiembre pasado en Tenares, fue arrestado este jueves en Montecristi<\/u><\/em><\/p>\n\n\n\n<p>HERMANAS MIRABAL, Rep\u00fablica Dominicana.-  El Ministerio P\u00fablico someter\u00e1 en las pr\u00f3ximas horas a la justicia a un hombre que era perseguido desde septiembre pasado por la muerte de la joven Yanelis Arias L\u00f3pez, varios d\u00edas despu\u00e9s de que le lanzara un qu\u00edmico corrosivo (\u201c\u00e1cido del diablo\u201d), en un hecho ocurrido en el municipio Tenares.<\/p>\n\n\n\n<p><strong>Agust\u00edn Pimentel (Cach\u00e9), quien era activamente perseguido por el Ministerio P\u00fablico y la Polic\u00eda Nacional por su vinculaci\u00f3n con la muerte de la joven Yanelis Arias L\u00f3pez, fue arrestado en Montecristi alrededor de las 12:00 del mediod\u00eda por miembros de la Direcci\u00f3n Central de Investigaciones Criminales (Dicrim), de la Polic\u00eda Nacional.<\/strong><\/p>\n\n\n\n<p>Pimentel se desplazaba junto a otra persona a bordo de una motocicleta en calidad de pasajero.<\/p>\n\n\n\n<p>En septiembre pasado la procuradora general de la Rep\u00fablica, magistrada Miriam Germ\u00e1n Brito, instruy\u00f3 a todos los fiscales del pa\u00eds para que, en los casos de agresi\u00f3n a personas con sustancias corrosivas, como la denominada \u201c\u00e1cido del diablo\u201d, otorguen al delito la calificaci\u00f3n jur\u00eddica de acto de tortura o barbarie y soliciten contra los involucrados la pena m\u00e1xima establecida en la ley.<\/p>\n\n\n\n<p>El Ministerio P\u00fablico adelant\u00f3 que el detenido ser\u00e1 interrogado y que posteriormente ser\u00e1 presentado ante el juez del Juzgado de la Instrucci\u00f3n en la provincia Hermanas Mirabal para conocerle medida de coerci\u00f3n en el proceso que se lleva en su contra por su vinculaci\u00f3n al condenable hecho.<\/p>\n\n\n\n<p>Los fiscales de Hermanas Mirabal se preparan para presentar la medida&nbsp; en la que solicitar\u00e1n que le sea impuesta la prisi\u00f3n preventiva como coerci\u00f3n.<\/p>\n\n\n\n<p>La instituci\u00f3n destac\u00f3 que trabaja en la direcci\u00f3n de procurar justicia por la muerte de la joven y advirti\u00f3 que en este caso debe de imponerse la prisi\u00f3n preventiva como medida de coerci\u00f3n por la gravedad del hecho y el peligro de fuga.<\/p>\n\n\n\n<p><strong>Direcci\u00f3n de Comunicaci\u00f3n y Prensa<\/strong><\/p>\n\n\n\n<p><strong>Procuradur\u00eda General-Ministerio P\u00fablico RD<\/strong><\/p>\n\n\n\n<p><strong>Jueves, 11 de noviembre de 2021.<\/strong><\/p>\n","protected":false},"excerpt":{"rendered":"<p>Agust\u00edn Pimentel, quien se encontraba pr\u00f3fugo luego de cometer el hecho en septiembre pasado en Tenares, fue arrestado este jueves en Montecristi HERMANAS MIRABAL, Rep\u00fablica Dominicana.- El Ministerio P\u00fablico someter\u00e1 en las pr\u00f3ximas horas a la justicia a un hombre que era perseguido desde septiembre pasado por la muerte de la joven Yanelis Arias L\u00f3pez, [&hellip;]<\/p>\n","protected":false},"author":2,"featured_media":0,"comment_status":"closed","ping_status":"","sticky":true,"template":"","format":"standard","meta":{"footnotes":""},"categories":[24,27],"tags":[],"class_list":["post-307546","post","type-post","status-publish","format-standard","hentry","category-justicia-y-derecho","category-portada"],"_links":{"self":[{"href":"https:\/\/diariodominicano.com\/index.php?rest_route=\/wp\/v2\/posts\/307546","targetHints":{"allow":["GET"]}}],"collection":[{"href":"https:\/\/diariodominicano.com\/index.php?rest_route=\/wp\/v2\/posts"}],"about":[{"href":"https:\/\/diariodominicano.com\/index.php?rest_route=\/wp\/v2\/types\/post"}],"author":[{"embeddable":true,"href":"https:\/\/diariodominicano.com\/index.php?rest_route=\/wp\/v2\/users\/2"}],"replies":[{"embeddable":true,"href":"https:\/\/diariodominicano.com\/index.php?rest_route=%2Fwp%2Fv2%2Fcomments&post=307546"}],"version-history":[{"count":1,"href":"https:\/\/diariodominicano.com\/index.php?rest_route=\/wp\/v2\/posts\/307546\/revisions"}],"predecessor-version":[{"id":307548,"href":"https:\/\/diariodominicano.com\/index.php?rest_route=\/wp\/v2\/posts\/307546\/revisions\/307548"}],"wp:attachment":[{"href":"https:\/\/diariodominicano.com\/index.php?rest_route=%2Fwp%2Fv2%2Fmedia&parent=307546"}],"wp:term":[{"taxonomy":"category","embeddable":true,"href":"https:\/\/diariodominicano.com\/index.php?rest_route=%2Fwp%2Fv2%2Fcategories&post=307546"},{"taxonomy":"post_tag","embeddable":true,"href":"https:\/\/diariodominicano.com\/index.php?rest_route=%2Fwp%2Fv2%2Ftags&post=307546"}],"curies":[{"name":"wp","href":"https:\/\/api.w.org\/{rel}","templated":true}]}}