{"id":307530,"date":"2021-11-11T20:46:40","date_gmt":"2021-11-12T00:46:40","guid":{"rendered":"http:\/\/diariodominicano.com\/?p=307530"},"modified":"2021-11-11T20:46:40","modified_gmt":"2021-11-12T00:46:40","slug":"policia-fiscalia-y-comunitarios-rescatan-hombre-lanzaba-piedras-a-vehiculos-en-la-avenida-ecologica-de-s-d-e","status":"publish","type":"post","link":"https:\/\/diariodominicano.com\/?p=307530","title":{"rendered":"Polic\u00eda, fiscal\u00eda y comunitarios rescatan hombre lanzaba piedras a veh\u00edculos en la avenida Ecol\u00f3gica de S.D.E"},"content":{"rendered":"\n<p><strong>Santo Domingo, RD.-<\/strong> La Polic\u00eda Nacional, un fiscal, dirigentes comunitarios y representantes de los derechos humanos, rescataron a un hombre que aparentemente padece de trastornos mentales, quien es se\u00f1alado como la persona que lanzaba piedras a veh\u00edculos que transitaban por la avenida Ecol\u00f3gica y otras v\u00edas, en el municipio Santo Domingo Este.<\/p>\n\n\n\n<p>Con el rescate de Jos\u00e9 Ram\u00edrez Sosa (a) Fuliyeison, la Polic\u00eda Nacional est\u00e1 dando respuesta a denuncias formuladas en diferentes dotaciones de la zona, que atribu\u00edan las acciones cometidas por esta persona a grupos vand\u00e1licos, inform\u00f3 la instituci\u00f3n  en un comunicado de prensa.<\/p>\n\n\n\n<p>El vocero de la Polic\u00eda Nacional, coronel Diego Pesqueira, destac\u00f3 que, con el rescate de Sosa Ram\u00edrez, la instituci\u00f3n descarta, por el momento, que manos delictivas o criminales estuvieran envueltas en estas acciones.<\/p>\n\n\n\n<p><strong>Asistencia inmediata<\/strong><\/p>\n\n\n\n<p>Mientras que el general de brigada Francisco Romer L\u00f3pez, director regional Santo Domingo Oriental, inform\u00f3 que inmediatamente Ram\u00edrez Sosa fue rescatado, la Polic\u00eda gestion\u00f3 que se le brindaran las primeras atenciones en el Hospital Dar\u00edo Contreras.<\/p>\n\n\n\n<p>Record\u00f3 que, a ra\u00edz de denuncias difundidas en distintas redes sociales, relativas a rotura de cristales de veh\u00edculos con piedras lanzadas desde matorrales de la avenida Ecol\u00f3gica, el mayor general Eduardo Alberto Then le instruy\u00f3 dar respuesta a ese caso.<\/p>\n\n\n\n<p>En la operaci\u00f3n de rescate, adem\u00e1s del general Romer L\u00f3pez, participaron el magistrado Miguel Morfe Henr\u00edquez, de la Fiscal\u00eda Barrial de Los Frailes; el comandante policial de la zona, coronel Norman Contreras Garc\u00eda; la representante comunitaria, Kenia Licelot Mart\u00ednez, y Luis Carlos Ram\u00edrez, de los derechos humanos.<\/p>\n\n\n\n<p>El general Romer L\u00f3pez agradeci\u00f3 la colaboraci\u00f3n de comunitarios y de representantes de los derechos humanos que se unieron a la Polic\u00eda en busca de rescatar a Ram\u00edrez Sosa, luego de que, tras una ardua labor de inteligencia, se estableci\u00f3 que el responsable de lanzar piedras a veh\u00edculos era un enajenado mental.<a href=\"https:\/\/wetransfer.com\/downloads\/ea819650601b1ac12d02d36aac1c306a20211111202025\/c1ca42\" target=\"_blank\" rel=\"noreferrer noopener\">Video de rescate de hombre lanzaba piedras en avenida Ecol\u00f3gica, SDE.<\/a><\/p>\n\n\n\n<p><\/p>\n","protected":false},"excerpt":{"rendered":"<p>Santo Domingo, RD.- La Polic\u00eda Nacional, un fiscal, dirigentes comunitarios y representantes de los derechos humanos, rescataron a un hombre que aparentemente padece de trastornos mentales, quien es se\u00f1alado como la persona que lanzaba piedras a veh\u00edculos que transitaban por la avenida Ecol\u00f3gica y otras v\u00edas, en el municipio Santo Domingo Este. Con el rescate [&hellip;]<\/p>\n","protected":false},"author":2,"featured_media":307531,"comment_status":"closed","ping_status":"","sticky":true,"template":"","format":"standard","meta":{"footnotes":""},"categories":[24,27],"tags":[],"class_list":["post-307530","post","type-post","status-publish","format-standard","has-post-thumbnail","hentry","category-justicia-y-derecho","category-portada"],"_links":{"self":[{"href":"https:\/\/diariodominicano.com\/index.php?rest_route=\/wp\/v2\/posts\/307530","targetHints":{"allow":["GET"]}}],"collection":[{"href":"https:\/\/diariodominicano.com\/index.php?rest_route=\/wp\/v2\/posts"}],"about":[{"href":"https:\/\/diariodominicano.com\/index.php?rest_route=\/wp\/v2\/types\/post"}],"author":[{"embeddable":true,"href":"https:\/\/diariodominicano.com\/index.php?rest_route=\/wp\/v2\/users\/2"}],"replies":[{"embeddable":true,"href":"https:\/\/diariodominicano.com\/index.php?rest_route=%2Fwp%2Fv2%2Fcomments&post=307530"}],"version-history":[{"count":1,"href":"https:\/\/diariodominicano.com\/index.php?rest_route=\/wp\/v2\/posts\/307530\/revisions"}],"predecessor-version":[{"id":307532,"href":"https:\/\/diariodominicano.com\/index.php?rest_route=\/wp\/v2\/posts\/307530\/revisions\/307532"}],"wp:featuredmedia":[{"embeddable":true,"href":"https:\/\/diariodominicano.com\/index.php?rest_route=\/wp\/v2\/media\/307531"}],"wp:attachment":[{"href":"https:\/\/diariodominicano.com\/index.php?rest_route=%2Fwp%2Fv2%2Fmedia&parent=307530"}],"wp:term":[{"taxonomy":"category","embeddable":true,"href":"https:\/\/diariodominicano.com\/index.php?rest_route=%2Fwp%2Fv2%2Fcategories&post=307530"},{"taxonomy":"post_tag","embeddable":true,"href":"https:\/\/diariodominicano.com\/index.php?rest_route=%2Fwp%2Fv2%2Ftags&post=307530"}],"curies":[{"name":"wp","href":"https:\/\/api.w.org\/{rel}","templated":true}]}}