{"id":307525,"date":"2021-11-11T20:36:44","date_gmt":"2021-11-12T00:36:44","guid":{"rendered":"http:\/\/diariodominicano.com\/?p=307525"},"modified":"2021-11-11T20:38:02","modified_gmt":"2021-11-12T00:38:02","slug":"celebran-xlv-reunion-de-la-conferencia-de-las-fuerzas-armadas-centroamericanas-cfac","status":"publish","type":"post","link":"https:\/\/diariodominicano.com\/?p=307525","title":{"rendered":"Celebran XLV reuni\u00f3n de la Conferencia de las Fuerzas Armadas Centroamericanas (CFAC)"},"content":{"rendered":"\n<p><\/p>\n\n\n\n<figure class=\"wp-block-image\"><img decoding=\"async\" src=\"https:\/\/ssl.gstatic.com\/ui\/v1\/icons\/mail\/profile_mask2.png\" alt=\"\"\/><\/figure>\n\n\n\n<figure class=\"wp-block-table\"><table><tbody><tr><td><\/td><td><img decoding=\"async\" src=\"https:\/\/mail.google.com\/mail\/u\/1\/images\/cleardot.gif\" alt=\"Adjuntos\"><\/td><td><\/td><td><img decoding=\"async\" src=\"https:\/\/mail.google.com\/mail\/u\/1\/images\/cleardot.gif\" alt=\"\"><img decoding=\"async\" src=\"https:\/\/mail.google.com\/mail\/u\/1\/images\/cleardot.gif\" alt=\"\"><\/td><\/tr><tr><td><\/td><\/tr><\/tbody><\/table><\/figure>\n\n\n\n<p><\/p>\n\n\n\n<p><strong>SANTO DOMINGO, 11 de noviembre 2021.-<\/strong> La Cuadrag\u00e9sima Quinta reuni\u00f3n ordinaria de la Conferencia de las Fuerzas Armadas Centroamericanas (CFAC) fue celebrada hoy, para tratar entre otros temas, los resultados de las operaciones militares de apoyo que brindan las instituciones militares a las autoridades sanitarias, para combatir los efectos causados por la Covid-19, la seguridad fronteriza y labores de inteligencia, frente a las amenazas comunes en la regi\u00f3n.<\/p>\n\n\n\n<p>La actividad, desarrollada de forma virtual, fue encabezada por el Ministro de Defensa, Teniente General Carlos Luciano D\u00edaz Morfa, ERD., en su condici\u00f3n de Presidente Pro-T\u00e9mpore del Consejo Superior del organismo internacional y cont\u00f3 con la participaci\u00f3n de sus hom\u00f3logos de Guatemala, El Salvador, Honduras y Nicaragua.<\/p>\n\n\n\n<p>Tambi\u00e9n estuvieron representantes de los pa\u00edses observadores Argentina, Brasil, Belice, Canad\u00e1, Colombia, Chile, Espa\u00f1a, Estados Unidos, M\u00e9xico, Reino Unido, Francia y Taiw\u00e1n, adem\u00e1s de delegados de organismos cooperantes, como la Junta Interamericana de Defensa (JID), el&nbsp; Comit\u00e9 Internacional de la Cruz Roja (CICR), la Unidad Militar de Emergencias (UME) y el Parlamento Centroamericano (PARLACEN). Adem\u00e1s se leyeron informes de la pasada reuni\u00f3n ordinaria XLIV de Directores de Inteligencia y Operaciones de la CFAC.<\/p>\n\n\n\n<p>Durante la Asamblea, el Ministro de Defensa dominicano exhort\u00f3 a los participantes a \u00abseguir trabajando de manera coordinada para mantener&nbsp; el esp\u00edritu de integraci\u00f3n de los diferentes mecanismos de informaci\u00f3n e inteligencia, que permitan el est\u00edmulo de confianza mutua y la transparencia en la gesti\u00f3n militar regional\u2019\u2019.<\/p>\n\n\n\n<p>La CFAC sesiona regularmente para aunar esfuerzos de manera permanente y sistem\u00e1tica que faciliten la cooperaci\u00f3n, coordinaci\u00f3n y apoyo mutuo entre las Fuerzas Armadas que componen el organismo. Con ello se procura proporcionar un nivel \u00f3ptimo de defensa, contra las amenazas a la seguridad democr\u00e1tica y al desarrollo regional.<\/p>\n\n\n\n<p>En la reuni\u00f3n tambi\u00e9n participaron, por el MIDE, el General de Brigada Jorge Iv\u00e1n Camino P\u00e9rez., ERD, Director de Inteligencia del Estado Mayor Conjunto, MIDE. (J2); el General de Brigada Rafael Antonio N\u00fa\u00f1ez Veloz, ERD., Director de Planes y Operaciones del Estado Mayor Conjunto, MIDE. (J3); el Coronel Freddy Antonio Marte Acosta, ERD., Secretario General de la CFAC; el Coronel m\u00e9dico cirujano Jos\u00e9 Bayohan Mart\u00ednez P\u00e9rez, ERD., enlace de la Direcci\u00f3n General del Cuerpo M\u00e9dico y Sanidad Militar, y el Teniente Coronel Elvis Reyes Almonte, ERD. (DEM), representante de las Fuerzas Armadas de Rep\u00fablica Dominicana ante la CFAC.<\/p>\n\n\n\n<p>Prensa Mide<a target=\"_blank\" href=\"mailto:prensaj5mide@gmail.com\" rel=\"noreferrer noopener\">prensaj5mide@gmail.com<\/a><\/p>\n\n\n\n<p><strong><em>Departamento de Prensa<\/em><\/strong><\/p>\n\n\n\n<p><em><strong>Direcci\u00f3n de Asuntos Civiles del Estado Mayor Conjunto, J5<\/strong><\/em><\/p>\n\n\n\n<p><em><strong>Ministerio de Defensa de Rep\u00fablica Dominicana<\/strong><\/em><\/p>\n","protected":false},"excerpt":{"rendered":"<p>SANTO DOMINGO, 11 de noviembre 2021.- La Cuadrag\u00e9sima Quinta reuni\u00f3n ordinaria de la Conferencia de las Fuerzas Armadas Centroamericanas (CFAC) fue celebrada hoy, para tratar entre otros temas, los resultados de las operaciones militares de apoyo que brindan las instituciones militares a las autoridades sanitarias, para combatir los efectos causados por la Covid-19, la seguridad [&hellip;]<\/p>\n","protected":false},"author":2,"featured_media":307527,"comment_status":"closed","ping_status":"","sticky":true,"template":"","format":"standard","meta":{"footnotes":""},"categories":[20,27],"tags":[],"class_list":["post-307525","post","type-post","status-publish","format-standard","has-post-thumbnail","hentry","category-dominicana-hoy","category-portada"],"_links":{"self":[{"href":"https:\/\/diariodominicano.com\/index.php?rest_route=\/wp\/v2\/posts\/307525","targetHints":{"allow":["GET"]}}],"collection":[{"href":"https:\/\/diariodominicano.com\/index.php?rest_route=\/wp\/v2\/posts"}],"about":[{"href":"https:\/\/diariodominicano.com\/index.php?rest_route=\/wp\/v2\/types\/post"}],"author":[{"embeddable":true,"href":"https:\/\/diariodominicano.com\/index.php?rest_route=\/wp\/v2\/users\/2"}],"replies":[{"embeddable":true,"href":"https:\/\/diariodominicano.com\/index.php?rest_route=%2Fwp%2Fv2%2Fcomments&post=307525"}],"version-history":[{"count":2,"href":"https:\/\/diariodominicano.com\/index.php?rest_route=\/wp\/v2\/posts\/307525\/revisions"}],"predecessor-version":[{"id":307529,"href":"https:\/\/diariodominicano.com\/index.php?rest_route=\/wp\/v2\/posts\/307525\/revisions\/307529"}],"wp:featuredmedia":[{"embeddable":true,"href":"https:\/\/diariodominicano.com\/index.php?rest_route=\/wp\/v2\/media\/307527"}],"wp:attachment":[{"href":"https:\/\/diariodominicano.com\/index.php?rest_route=%2Fwp%2Fv2%2Fmedia&parent=307525"}],"wp:term":[{"taxonomy":"category","embeddable":true,"href":"https:\/\/diariodominicano.com\/index.php?rest_route=%2Fwp%2Fv2%2Fcategories&post=307525"},{"taxonomy":"post_tag","embeddable":true,"href":"https:\/\/diariodominicano.com\/index.php?rest_route=%2Fwp%2Fv2%2Ftags&post=307525"}],"curies":[{"name":"wp","href":"https:\/\/api.w.org\/{rel}","templated":true}]}}