{"id":307522,"date":"2021-11-11T20:31:54","date_gmt":"2021-11-12T00:31:54","guid":{"rendered":"http:\/\/diariodominicano.com\/?p=307522"},"modified":"2021-11-11T20:31:54","modified_gmt":"2021-11-12T00:31:54","slug":"policia-nacional-y-contrataciones-publicas-acuerdan-fortalecer-proceso-de-adquisicion-de-vehiculos-para-patrullaje","status":"publish","type":"post","link":"https:\/\/diariodominicano.com\/?p=307522","title":{"rendered":"Polic\u00eda Nacional y Contrataciones P\u00fablicas acuerdan fortalecer proceso de adquisici\u00f3n de veh\u00edculos para patrullaje"},"content":{"rendered":"\n<p>Santo Domingo, RD, 11 noviembre 2021.- El mayor general Eduardo Alberto Then, director general de la Polic\u00eda Nacional, recibi\u00f3 la visita oficial del director general de Contrataciones P\u00fablicas, Carlos Pimentel Florenz\u00e1n, con quien trat\u00f3 varios temas concernientes al proceso de adquisici\u00f3n de veh\u00edculos que realiza la instituci\u00f3n del orden con miras al proceso de transformaci\u00f3n y profesionalizaci\u00f3n de la Polic\u00eda Nacional, dispuesto por el presidente  Luis Abinader Corona.<\/p>\n\n\n\n<p>El mayor general Alberto Then agradeci\u00f3 el apoyo que recibe de parte de Contrataciones P\u00fablicas en el proceso de adquisici\u00f3n de veh\u00edculos que busca fortalecer la lucha contra la delincuencia y la criminalidad con la integraci\u00f3n de nuevas unidades para el refuerzo en el patrullaje permanente en todo el pa\u00eds, como forma de fortalecer la seguridad ciudadana y la paz.<\/p>\n\n\n\n<p>Mientras que Pimentel Florenz\u00e1n resalt\u00f3 que su visita tiene como objetivo ponerse a la orden en lo que estime necesario y concerniente la Polic\u00eda Nacional sobre el proceso de adquisici\u00f3n de los bienes, como por ejemplo las nuevas flotillas vehiculares que servir\u00e1n para la lucha contra la delincuencia.<\/p>\n\n\n\n<p>\u201cLa idea es reiterar que estamos en las mejores disposiciones de apoyarlos y acompa\u00f1arlos para que los bienes que se van a adquirir puedan estar a tiempo para el servicio que la Polic\u00eda Nacional necesita e informarle que tenemos un oficial de cumplimiento adscrita en esta instituci\u00f3n, que forma parte del programa de pol\u00edtica de mejoramiento al proceso que se llevan a cabo en las adquisiciones de bienes\u201d, refiri\u00f3 el director general de Contrataciones P\u00fablicas.<\/p>\n\n\n\n<p>Al finalizar la visita, el director policial se realiz\u00f3 varias fotos con el director de Contrataciones P\u00fablicas y su comitiva, integrada por Mercedes Eusebio, Mar\u00eda Morel y Margareth Blandino.<\/p>\n\n\n\n<p><strong>Prensa Polic\u00eda Nacional<\/strong><a rel=\"noreferrer noopener\" target=\"_blank\" href=\"mailto:prensadigitalpn@gmail.com\">prensadigitalpn@gmail.com<\/a><\/p>\n","protected":false},"excerpt":{"rendered":"<p>Santo Domingo, RD, 11 noviembre 2021.- El mayor general Eduardo Alberto Then, director general de la Polic\u00eda Nacional, recibi\u00f3 la visita oficial del director general de Contrataciones P\u00fablicas, Carlos Pimentel Florenz\u00e1n, con quien trat\u00f3 varios temas concernientes al proceso de adquisici\u00f3n de veh\u00edculos que realiza la instituci\u00f3n del orden con miras al proceso de transformaci\u00f3n [&hellip;]<\/p>\n","protected":false},"author":2,"featured_media":307523,"comment_status":"closed","ping_status":"","sticky":true,"template":"","format":"standard","meta":{"footnotes":""},"categories":[24,27],"tags":[],"class_list":["post-307522","post","type-post","status-publish","format-standard","has-post-thumbnail","hentry","category-justicia-y-derecho","category-portada"],"_links":{"self":[{"href":"https:\/\/diariodominicano.com\/index.php?rest_route=\/wp\/v2\/posts\/307522","targetHints":{"allow":["GET"]}}],"collection":[{"href":"https:\/\/diariodominicano.com\/index.php?rest_route=\/wp\/v2\/posts"}],"about":[{"href":"https:\/\/diariodominicano.com\/index.php?rest_route=\/wp\/v2\/types\/post"}],"author":[{"embeddable":true,"href":"https:\/\/diariodominicano.com\/index.php?rest_route=\/wp\/v2\/users\/2"}],"replies":[{"embeddable":true,"href":"https:\/\/diariodominicano.com\/index.php?rest_route=%2Fwp%2Fv2%2Fcomments&post=307522"}],"version-history":[{"count":1,"href":"https:\/\/diariodominicano.com\/index.php?rest_route=\/wp\/v2\/posts\/307522\/revisions"}],"predecessor-version":[{"id":307524,"href":"https:\/\/diariodominicano.com\/index.php?rest_route=\/wp\/v2\/posts\/307522\/revisions\/307524"}],"wp:featuredmedia":[{"embeddable":true,"href":"https:\/\/diariodominicano.com\/index.php?rest_route=\/wp\/v2\/media\/307523"}],"wp:attachment":[{"href":"https:\/\/diariodominicano.com\/index.php?rest_route=%2Fwp%2Fv2%2Fmedia&parent=307522"}],"wp:term":[{"taxonomy":"category","embeddable":true,"href":"https:\/\/diariodominicano.com\/index.php?rest_route=%2Fwp%2Fv2%2Fcategories&post=307522"},{"taxonomy":"post_tag","embeddable":true,"href":"https:\/\/diariodominicano.com\/index.php?rest_route=%2Fwp%2Fv2%2Ftags&post=307522"}],"curies":[{"name":"wp","href":"https:\/\/api.w.org\/{rel}","templated":true}]}}