{"id":307506,"date":"2021-11-11T20:06:43","date_gmt":"2021-11-12T00:06:43","guid":{"rendered":"http:\/\/diariodominicano.com\/?p=307506"},"modified":"2021-11-12T00:57:52","modified_gmt":"2021-11-12T04:57:52","slug":"bid-designa-nueva-representante-en-republica-dominicana","status":"publish","type":"post","link":"https:\/\/diariodominicano.com\/?p=307506","title":{"rendered":"BID designa nueva representante en Rep\u00fablica Dominicana"},"content":{"rendered":"\n<p><strong>Katharina Falkner-Olmedo estar\u00e1 a cargo de la implementaci\u00f3n de la estrategia del Banco en el pa\u00eds, en alineaci\u00f3n con la Visi\u00f3n 2025 del BID <\/strong><\/p>\n\n\n\n<p><strong>Santo Domingo. &#8211;<\/strong> El Banco Interamericano de Desarrollo (BID) design\u00f3 a la se\u00f1ora Katharina Falkner-Olmedo, como su nueva representante en Rep\u00fablica Dominicana, con efectividad a partir del primero de noviembre del presente a\u00f1o.<\/p>\n\n\n\n<p>Al momento de su nombramiento, la se\u00f1ora Falkner-Olmedo ocupaba la posici\u00f3n de&nbsp;jefa de la&nbsp;Oficina de Servicios de Gesti\u00f3n Financiera y Adquisiciones para Operaciones (FMP) en Washington, D.C. Inici\u00f3 su carrera en el BID, en 1996, en el departamento de finanzas y ha ocupado varios cargos, entre ellos jefa de la anterior Secci\u00f3n de Gesti\u00f3n Estrat\u00e9gica de Riesgos y Planificaci\u00f3n Financiera del Departamento de Finanzas, y asesora en la Vicepresidencia Ejecutiva del Banco.<\/p>\n\n\n\n<p><strong>La se\u00f1ora Falkner-Olmedo es ciudadana Suiza, con formaci\u00f3n acad\u00e9mica en econom\u00eda, avalada por la Universidad St. Gallen en Suiza, de donde tambi\u00e9n ostenta una maestr\u00eda en esta \u00e1rea.<\/strong><\/p>\n\n\n\n<p>La nueva representante tendr\u00e1 a su cargo continuar con la implementaci\u00f3n de la estrategia del Banco en el pa\u00eds, en alineaci\u00f3n con la&nbsp;<a href=\"https:\/\/idbdocs.iadb.org\/wsdocs\/getdocument.aspx?docnum=EZSHARE-328957462-89\" target=\"_blank\" rel=\"noreferrer noopener\">Visi\u00f3n 2025 del BID<\/a>, que trabaja cinco \u00e1reas estrat\u00e9gicas: integraci\u00f3n regional y fortalecimiento de las cadenas de valor, incluso a trav\u00e9s del \u201cnearshoring\u201d; digitalizaci\u00f3n y la econom\u00eda digital; apoyo a peque\u00f1as y medianas empresas (pymes); igualdad de g\u00e9nero y diversidad; y acci\u00f3n frente al cambio clim\u00e1tico.<\/p>\n\n\n\n<p>Apoy\u00e1ndose en esta premisa, la nueva funcionaria del BID estar\u00e1 gestionando el relacionamiento y di\u00e1logo con las autoridades de Gobierno y tambi\u00e9n velar\u00e1 por la atenci\u00f3n y el desarrollo del sector privado a trav\u00e9s del BID Invest y del laboratorio de innovaci\u00f3n del BID, el BID Lab.<\/p>\n\n\n\n<p>Katharina Falkner-Olmedo sustituye en el cargo al se\u00f1or Miguel Coronado Hunter, quien concluy\u00f3 sus funciones en el pa\u00eds, el 31 de octubre pasado.<\/p>\n\n\n\n<p><strong>Sobre el BID<\/strong><\/p>\n\n\n\n<p>El Banco Interamericano de Desarrollo tiene como misi\u00f3n mejorar vidas. Fundado en 1959, el BID es una de las principales fuentes de financiamiento a largo plazo para el desarrollo econ\u00f3mico, social e institucional de Am\u00e9rica Latina y el Caribe. El BID tambi\u00e9n realiza proyectos de investigaci\u00f3n de vanguardia y ofrece asesor\u00eda sobre pol\u00edticas, asistencia t\u00e9cnica y capacitaci\u00f3n a clientes p\u00fablicos y privados en toda la regi\u00f3n.<\/p>\n\n\n\n<p><a href=\"https:\/\/idbdocs.iadb.org\/wsdocs\/getdocument.aspx?docnum=EZSHARE-328957462-89\" target=\"_blank\" rel=\"noreferrer noopener\"><em>Visi\u00f3n 2025 \u2013 Reinvertir en las Am\u00e9ricas<\/em><\/a>&nbsp;es el plan del Grupo BID para lograr el desarrollo econ\u00f3mico y social en Am\u00e9rica Latina y el Caribe para el per\u00edodo 2021-2025.&nbsp;Identifica cinco \u00e1reas de trabajo prioritarias que tendr\u00e1n el mayor impacto para incentivar la recuperaci\u00f3n y sentar las bases de un crecimiento a largo plazo que sea sostenible e inclusivo.<\/p>\n\n\n\n<p><em>Para m\u00e1s informaci\u00f3n ver&nbsp;aqu\u00ed&nbsp;el&nbsp;<\/em><a href=\"https:\/\/mediakit.iadb.org\/collections\/60d3c4aa36016c0e6e89c395\/sections\/60d3c4aa36016c0e6e89c38e\" target=\"_blank\" rel=\"noreferrer noopener\"><em>Media kit sobre Visi\u00f3n 2025<\/em><\/a>&nbsp;<\/p>\n\n\n\n<p><\/p>\n\n\n\n<p>Patricia Reinoso<\/p>\n\n\n\n<p>Correo:&nbsp;<a href=\"mailto:patriciarei@iadb.org\" target=\"_blank\" rel=\"noreferrer noopener\">patriciarei@iadb.org<\/a><\/p>\n","protected":false},"excerpt":{"rendered":"<p>Katharina Falkner-Olmedo estar\u00e1 a cargo de la implementaci\u00f3n de la estrategia del Banco en el pa\u00eds, en alineaci\u00f3n con la Visi\u00f3n 2025 del BID Santo Domingo. &#8211; El Banco Interamericano de Desarrollo (BID) design\u00f3 a la se\u00f1ora Katharina Falkner-Olmedo, como su nueva representante en Rep\u00fablica Dominicana, con efectividad a partir del primero de noviembre del [&hellip;]<\/p>\n","protected":false},"author":2,"featured_media":307507,"comment_status":"closed","ping_status":"","sticky":true,"template":"","format":"standard","meta":{"footnotes":""},"categories":[18,27],"tags":[],"class_list":["post-307506","post","type-post","status-publish","format-standard","has-post-thumbnail","hentry","category-economia","category-portada"],"_links":{"self":[{"href":"https:\/\/diariodominicano.com\/index.php?rest_route=\/wp\/v2\/posts\/307506","targetHints":{"allow":["GET"]}}],"collection":[{"href":"https:\/\/diariodominicano.com\/index.php?rest_route=\/wp\/v2\/posts"}],"about":[{"href":"https:\/\/diariodominicano.com\/index.php?rest_route=\/wp\/v2\/types\/post"}],"author":[{"embeddable":true,"href":"https:\/\/diariodominicano.com\/index.php?rest_route=\/wp\/v2\/users\/2"}],"replies":[{"embeddable":true,"href":"https:\/\/diariodominicano.com\/index.php?rest_route=%2Fwp%2Fv2%2Fcomments&post=307506"}],"version-history":[{"count":4,"href":"https:\/\/diariodominicano.com\/index.php?rest_route=\/wp\/v2\/posts\/307506\/revisions"}],"predecessor-version":[{"id":307636,"href":"https:\/\/diariodominicano.com\/index.php?rest_route=\/wp\/v2\/posts\/307506\/revisions\/307636"}],"wp:featuredmedia":[{"embeddable":true,"href":"https:\/\/diariodominicano.com\/index.php?rest_route=\/wp\/v2\/media\/307507"}],"wp:attachment":[{"href":"https:\/\/diariodominicano.com\/index.php?rest_route=%2Fwp%2Fv2%2Fmedia&parent=307506"}],"wp:term":[{"taxonomy":"category","embeddable":true,"href":"https:\/\/diariodominicano.com\/index.php?rest_route=%2Fwp%2Fv2%2Fcategories&post=307506"},{"taxonomy":"post_tag","embeddable":true,"href":"https:\/\/diariodominicano.com\/index.php?rest_route=%2Fwp%2Fv2%2Ftags&post=307506"}],"curies":[{"name":"wp","href":"https:\/\/api.w.org\/{rel}","templated":true}]}}