{"id":307502,"date":"2021-11-11T20:00:04","date_gmt":"2021-11-12T00:00:04","guid":{"rendered":"http:\/\/diariodominicano.com\/?p=307502"},"modified":"2021-11-11T20:01:06","modified_gmt":"2021-11-12T00:01:06","slug":"ministerio-publico-inicia-presentacion-de-la-acusacion-contra-implicados-en-sobornos-del-caso-super-tucano","status":"publish","type":"post","link":"https:\/\/diariodominicano.com\/?p=307502","title":{"rendered":"Ministerio P\u00fablico inicia presentaci\u00f3n de la acusaci\u00f3n contra implicados en sobornos del caso Super Tucano"},"content":{"rendered":"\n<p>SANTO DOMINGO, Rep\u00fablica Dominicana, RD, 11 noviembre 2021.- El Ministerio P\u00fablico inici\u00f3 este jueves la presentaci\u00f3n de la acusaci\u00f3n contra los involucrados en el caso de los sobornos por US$3.5 millones distribuidos por la Empresa Brasileira de Aeron\u00e1utica (Embraer) con el fin de ser escogida como suplidora de ocho aviones Super Tucano.<\/p>\n\n\n\n<p><\/p>\n\n\n\n<p>El proceso se desarrolla en el Tercer Tribunal Colegiado del Distrito Nacional contra el mayor general retirado Pedro Rafael Pe\u00f1a Antonio, exministro de Defensa; el coronel Carlos Piccini N\u00fa\u00f1ez, exdirector de proyectos especiales de la Fuerza A\u00e9rea Dominicana (FAD), y el empresario Daniel Aquino Hern\u00e1ndez.&nbsp;<\/p>\n\n\n\n<p>Tambi\u00e9n, contra la empresa 4D Business Group, S. A. (hoy 4D Business Group, S.R.L.), as\u00ed como de la compa\u00f1\u00eda Magycorp, S. A. (hoy Magicorp, S.R.L).<\/p>\n\n\n\n<p>Isis de la Cruz, fiscal de la Procuradur\u00eda Especializada de Persecuci\u00f3n de la Corrupci\u00f3n Administrativa (Pepca), dijo que el Ministerio P\u00fablico inici\u00f3 con la lectura de la acusaci\u00f3n a pesar de los incidentes de los abogados defensores para que no se iniciara el proceso.<\/p>\n\n\n\n<p>\u201cEn el d\u00eda de hoy iniciamos la presentaci\u00f3n de la acusaci\u00f3n contra los imputados frente a todos los incidentes y los pron\u00f3sticos contrarios; la defensa no quer\u00eda iniciar la lectura de la acusaci\u00f3n, pero dimos inicio a la misma\u201d, se\u00f1al\u00f3, e indic\u00f3 que todos los incidentes fueron rechazados.&nbsp;<\/p>\n\n\n\n<p>La representante del Ministerio P\u00fablico dijo que el grupo es acusado de sobornos, lavado de activos y enriquecimiento il\u00edcito.<\/p>\n\n\n\n<p>Agreg\u00f3 que es un proceso que se inici\u00f3 en 2016 y que posteriormente se present\u00f3 la acusaci\u00f3n en 2017 y ahora se encuentra en la etapa de juicio de fondo.<\/p>\n\n\n\n<p>Junto a De la Cruz, representaron al Ministerio P\u00fablico en la audiencia los fiscales Rosa Alba Garc\u00eda, Rosa Mar\u00eda Pichardo, Mar\u00eda Melenciano y Ernis Josu\u00e9 Mella.<\/p>\n\n\n\n<p>Los jueces Arl\u00edn Ventura, presidenta; Milagros Mercedes Ram\u00edrez Cabrera&nbsp; y Leticia Mart\u00ednez, del Tercer Tribunal Colegiado del Distrito Nacional, aplazaron el conocimiento de la acusaci\u00f3n para el pr\u00f3ximo mi\u00e9rcoles 17 de noviembre, a las 9:00 de la ma\u00f1ana, en virtud de que ten\u00edan programado el conocimiento de otras audiencias.<\/p>\n\n\n\n<p>Por este caso de corrupci\u00f3n administrativa la empresa Embraer, que admiti\u00f3 la entrega de sobornos, fue condenada en 2018 al pago de 7 millones 40 mil d\u00f3lares al Estado dominicano.<\/p>\n\n\n\n<p>La Pepca acusa al grupo de imputados de violar varios art\u00edculos del C\u00f3digo Penal Dominicano, la Ley No. 448-06 sobre Soborno en el Comercio y la Inversi\u00f3n, y la antigua Ley 72-02 sobre Lavado de Activos en perjuicio del Estado dominicano.<\/p>\n\n\n\n<p>Durante la investigaci\u00f3n del caso el \u00f3rgano de justicia logr\u00f3 obtener pruebas suficientes que vinculan a los imputados a este acto de corrupci\u00f3n administrativa.<\/p>\n\n\n\n<p>Las indagatorias abarcaron el rastreo de transferencias de dinero en el pa\u00eds y en el exterior, an\u00e1lisis y verificaci\u00f3n de patrimonios, examen a movimientos de cuentas bancarias, as\u00ed como la localizaci\u00f3n e indagatoria sobre el origen de bienes.<\/p>\n\n\n\n<p>En marzo pasado, tras acoger la solicitud del Ministerio P\u00fablico, el Cuarto Juzgado de la Instrucci\u00f3n del Distrito Nacional orden\u00f3 el env\u00edo a juicio de los encartados.<\/p>\n\n\n\n<p><strong>Direcci\u00f3n de Comunicaci\u00f3n y Prensa<\/strong><\/p>\n\n\n\n<p><strong>Procuradur\u00eda General-Ministerio P\u00fablico RD<\/strong><\/p>\n\n\n\n<p><strong>Jueves, 11 de noviembre de 2021.<\/strong><\/p>\n\n\n\n<p>&#8212;<strong><\/strong><\/p>\n\n\n\n<p><strong>Direcci\u00f3n General de Comunicaciones, Prensa y Relaciones P\u00fablicas<\/strong><\/p>\n\n\n\n<p>Procuradur\u00eda General de la Rep\u00fablica Dominicana<\/p>\n\n\n\n<p>Un Ministerio P\u00fablico conectado con la ciudadan\u00eda<\/p>\n","protected":false},"excerpt":{"rendered":"<p>SANTO DOMINGO, Rep\u00fablica Dominicana, RD, 11 noviembre 2021.- El Ministerio P\u00fablico inici\u00f3 este jueves la presentaci\u00f3n de la acusaci\u00f3n contra los involucrados en el caso de los sobornos por US$3.5 millones distribuidos por la Empresa Brasileira de Aeron\u00e1utica (Embraer) con el fin de ser escogida como suplidora de ocho aviones Super Tucano. El proceso se [&hellip;]<\/p>\n","protected":false},"author":2,"featured_media":307504,"comment_status":"closed","ping_status":"","sticky":true,"template":"","format":"standard","meta":{"footnotes":""},"categories":[24,27],"tags":[],"class_list":["post-307502","post","type-post","status-publish","format-standard","has-post-thumbnail","hentry","category-justicia-y-derecho","category-portada"],"_links":{"self":[{"href":"https:\/\/diariodominicano.com\/index.php?rest_route=\/wp\/v2\/posts\/307502","targetHints":{"allow":["GET"]}}],"collection":[{"href":"https:\/\/diariodominicano.com\/index.php?rest_route=\/wp\/v2\/posts"}],"about":[{"href":"https:\/\/diariodominicano.com\/index.php?rest_route=\/wp\/v2\/types\/post"}],"author":[{"embeddable":true,"href":"https:\/\/diariodominicano.com\/index.php?rest_route=\/wp\/v2\/users\/2"}],"replies":[{"embeddable":true,"href":"https:\/\/diariodominicano.com\/index.php?rest_route=%2Fwp%2Fv2%2Fcomments&post=307502"}],"version-history":[{"count":2,"href":"https:\/\/diariodominicano.com\/index.php?rest_route=\/wp\/v2\/posts\/307502\/revisions"}],"predecessor-version":[{"id":307505,"href":"https:\/\/diariodominicano.com\/index.php?rest_route=\/wp\/v2\/posts\/307502\/revisions\/307505"}],"wp:featuredmedia":[{"embeddable":true,"href":"https:\/\/diariodominicano.com\/index.php?rest_route=\/wp\/v2\/media\/307504"}],"wp:attachment":[{"href":"https:\/\/diariodominicano.com\/index.php?rest_route=%2Fwp%2Fv2%2Fmedia&parent=307502"}],"wp:term":[{"taxonomy":"category","embeddable":true,"href":"https:\/\/diariodominicano.com\/index.php?rest_route=%2Fwp%2Fv2%2Fcategories&post=307502"},{"taxonomy":"post_tag","embeddable":true,"href":"https:\/\/diariodominicano.com\/index.php?rest_route=%2Fwp%2Fv2%2Ftags&post=307502"}],"curies":[{"name":"wp","href":"https:\/\/api.w.org\/{rel}","templated":true}]}}