{"id":307498,"date":"2021-11-11T19:52:20","date_gmt":"2021-11-11T23:52:20","guid":{"rendered":"http:\/\/diariodominicano.com\/?p=307498"},"modified":"2021-11-11T20:54:02","modified_gmt":"2021-11-12T00:54:02","slug":"embajadora-relaciones-comerciales-de-canada-buscan-eliminar-discriminacion-y-fomentar-igualdad-de-genero","status":"publish","type":"post","link":"https:\/\/diariodominicano.com\/?p=307498","title":{"rendered":"Embajadora: relaciones comerciales de Canad\u00e1 buscan eliminar discriminaci\u00f3n y fomentar igualdad de g\u00e9nero"},"content":{"rendered":"\n<p><em><strong>En una conferencia efectuada este jueves para celebrar el 24 aniversario<\/strong><\/em><em><strong>de la entidad BRA y sus 10 a\u00f1os en asociaci\u00f3n con la Iniciativa Global Clinton,<\/strong><\/em><em><strong>se destacaron los aportes de esta instituci\u00f3n sin fines de lucro.<\/strong><\/em><\/p>\n\n\n\n<p> <\/p>\n\n\n\n<p><strong>Santo Domingo, RD.<\/strong> Al exponer como oradora central del 24 aniversario de organizaci\u00f3n no gubernamental estadounidense Batey Relief Alliance (BRA), la embajadora de Canad\u00e1 en el pa\u00eds, Christine Laberge, afirm\u00f3 que esa naci\u00f3n prioriza en las relaciones comerciales y econ\u00f3micas que propicien un cambio profundo que elimine las barreras sist\u00e9micas y las normas discriminatorias que impiden la igualdad. <\/p>\n\n\n\n<p><br>La pronunciar este jueves la conferencia virtual sobre \u201clas nuevas oportunidades para las mujeres en la reactivaci\u00f3n de la econom\u00eda post COVID-19\u201d, a trav\u00e9s de las redes sociales, la diplom\u00e1tica destac\u00f3 que su gobierno promueve una pol\u00edtica exterior feminista y la inclusi\u00f3n basada en los derechos humanos. <\/p>\n\n\n\n<p><br>Laberge precis\u00f3 que \u201cCanad\u00e1 priorizado dar apoyo a movimientos feministas y a organizaciones de derechos de las mujeres a trav\u00e9s del programa de Voz y Liderazgo de Mujeres, que contribuye a mejorar el empoderamiento econ\u00f3mico, la salud y el bienestar de las f\u00e9minas, incluidos los derechos sexuales y reproductivos\u201d.<br> <\/p>\n\n\n\n<div class=\"wp-block-jetpack-slideshow aligncenter\" data-effect=\"slide\"><div class=\"wp-block-jetpack-slideshow_container swiper-container\"><ul class=\"wp-block-jetpack-slideshow_swiper-wrapper swiper-wrapper\"><li class=\"wp-block-jetpack-slideshow_slide swiper-slide\"><figure><img loading=\"lazy\" decoding=\"async\" width=\"949\" height=\"532\" alt=\"\" class=\"wp-block-jetpack-slideshow_image wp-image-307543\" data-id=\"307543\" src=\"https:\/\/diariodominicano.com\/wp-content\/uploads\/2021\/11\/La-vicepresidenta-de-BRA-Dominicana-Nexcy-De-Leon-fue-panelista.jpg\" srcset=\"https:\/\/diariodominicano.com\/wp-content\/uploads\/2021\/11\/La-vicepresidenta-de-BRA-Dominicana-Nexcy-De-Leon-fue-panelista.jpg 949w, https:\/\/diariodominicano.com\/wp-content\/uploads\/2021\/11\/La-vicepresidenta-de-BRA-Dominicana-Nexcy-De-Leon-fue-panelista-300x168.jpg 300w, https:\/\/diariodominicano.com\/wp-content\/uploads\/2021\/11\/La-vicepresidenta-de-BRA-Dominicana-Nexcy-De-Leon-fue-panelista-768x431.jpg 768w, https:\/\/diariodominicano.com\/wp-content\/uploads\/2021\/11\/La-vicepresidenta-de-BRA-Dominicana-Nexcy-De-Leon-fue-panelista-816x457.jpg 816w\" sizes=\"auto, (max-width: 949px) 100vw, 949px\" \/><\/figure><\/li><li class=\"wp-block-jetpack-slideshow_slide swiper-slide\"><figure><img loading=\"lazy\" decoding=\"async\" width=\"951\" height=\"529\" alt=\"\" class=\"wp-block-jetpack-slideshow_image wp-image-307542\" data-id=\"307542\" src=\"https:\/\/diariodominicano.com\/wp-content\/uploads\/2021\/11\/La-presidenta-de-BRA-Dominicana-Togarma-Rodriguez-se-dirige-al-publico.jpg\" srcset=\"https:\/\/diariodominicano.com\/wp-content\/uploads\/2021\/11\/La-presidenta-de-BRA-Dominicana-Togarma-Rodriguez-se-dirige-al-publico.jpg 951w, https:\/\/diariodominicano.com\/wp-content\/uploads\/2021\/11\/La-presidenta-de-BRA-Dominicana-Togarma-Rodriguez-se-dirige-al-publico-300x167.jpg 300w, https:\/\/diariodominicano.com\/wp-content\/uploads\/2021\/11\/La-presidenta-de-BRA-Dominicana-Togarma-Rodriguez-se-dirige-al-publico-768x427.jpg 768w, https:\/\/diariodominicano.com\/wp-content\/uploads\/2021\/11\/La-presidenta-de-BRA-Dominicana-Togarma-Rodriguez-se-dirige-al-publico-816x454.jpg 816w\" sizes=\"auto, (max-width: 951px) 100vw, 951px\" \/><\/figure><\/li><li class=\"wp-block-jetpack-slideshow_slide swiper-slide\"><figure><img loading=\"lazy\" decoding=\"async\" width=\"741\" height=\"490\" alt=\"\" class=\"wp-block-jetpack-slideshow_image wp-image-307541\" data-id=\"307541\" src=\"https:\/\/diariodominicano.com\/wp-content\/uploads\/2021\/11\/La-embajadora-de-Canada-Christine-Laberge-durante-la-conferencia-remota-1.jpg\" srcset=\"https:\/\/diariodominicano.com\/wp-content\/uploads\/2021\/11\/La-embajadora-de-Canada-Christine-Laberge-durante-la-conferencia-remota-1.jpg 741w, https:\/\/diariodominicano.com\/wp-content\/uploads\/2021\/11\/La-embajadora-de-Canada-Christine-Laberge-durante-la-conferencia-remota-1-300x198.jpg 300w\" sizes=\"auto, (max-width: 741px) 100vw, 741px\" \/><\/figure><\/li><li class=\"wp-block-jetpack-slideshow_slide swiper-slide\"><figure><img loading=\"lazy\" decoding=\"async\" width=\"941\" height=\"531\" alt=\"\" class=\"wp-block-jetpack-slideshow_image wp-image-307540\" data-id=\"307540\" src=\"https:\/\/diariodominicano.com\/wp-content\/uploads\/2021\/11\/Gustavo-de-Hostos-presidente-Camara-Canadiense.jpg\" srcset=\"https:\/\/diariodominicano.com\/wp-content\/uploads\/2021\/11\/Gustavo-de-Hostos-presidente-Camara-Canadiense.jpg 941w, https:\/\/diariodominicano.com\/wp-content\/uploads\/2021\/11\/Gustavo-de-Hostos-presidente-Camara-Canadiense-300x169.jpg 300w, https:\/\/diariodominicano.com\/wp-content\/uploads\/2021\/11\/Gustavo-de-Hostos-presidente-Camara-Canadiense-768x433.jpg 768w, https:\/\/diariodominicano.com\/wp-content\/uploads\/2021\/11\/Gustavo-de-Hostos-presidente-Camara-Canadiense-816x460.jpg 816w\" sizes=\"auto, (max-width: 941px) 100vw, 941px\" \/><\/figure><\/li><li class=\"wp-block-jetpack-slideshow_slide swiper-slide\"><figure><img loading=\"lazy\" decoding=\"async\" width=\"943\" height=\"526\" alt=\"\" class=\"wp-block-jetpack-slideshow_image wp-image-307539\" data-id=\"307539\" src=\"https:\/\/diariodominicano.com\/wp-content\/uploads\/2021\/11\/El-presidente-fundador-de-BRA-Ulrick-Gaillard-expone-en-la-actividad.jpg\" srcset=\"https:\/\/diariodominicano.com\/wp-content\/uploads\/2021\/11\/El-presidente-fundador-de-BRA-Ulrick-Gaillard-expone-en-la-actividad.jpg 943w, https:\/\/diariodominicano.com\/wp-content\/uploads\/2021\/11\/El-presidente-fundador-de-BRA-Ulrick-Gaillard-expone-en-la-actividad-300x167.jpg 300w, https:\/\/diariodominicano.com\/wp-content\/uploads\/2021\/11\/El-presidente-fundador-de-BRA-Ulrick-Gaillard-expone-en-la-actividad-768x428.jpg 768w, https:\/\/diariodominicano.com\/wp-content\/uploads\/2021\/11\/El-presidente-fundador-de-BRA-Ulrick-Gaillard-expone-en-la-actividad-816x455.jpg 816w\" sizes=\"auto, (max-width: 943px) 100vw, 943px\" \/><\/figure><\/li><\/ul><a class=\"wp-block-jetpack-slideshow_button-prev swiper-button-prev swiper-button-white\" role=\"button\"><\/a><a class=\"wp-block-jetpack-slideshow_button-next swiper-button-next swiper-button-white\" role=\"button\"><\/a><a aria-label=\"Pause Slideshow\" class=\"wp-block-jetpack-slideshow_button-pause\" role=\"button\"><\/a><div class=\"wp-block-jetpack-slideshow_pagination swiper-pagination swiper-pagination-white\"><\/div><\/div><\/div>\n\n\n\n<p>La funcionaria manifest\u00f3 que \u201ccon el Fondo Canad\u00e1, nuestra embajada proporciona financiamientos a organizaciones no gubernamentales y de base, de esa manera, Canad\u00e1 apoya enfoques innovadores, estrat\u00e9gicos y receptivos a los problemas que afectan a las mujeres\u201d. <\/p>\n\n\n\n<p><br>En la actividad remota tuvo efecto para celebrar tambi\u00e9n los 10 a\u00f1os de asociaci\u00f3n de BRA con la Iniciativa Global Clinton, e incluy\u00f3 las palabras de Ulrick Gaillard, presidente-fundador de BRA; Togarma Rodr\u00edguez, presidenta de BRA Dominicana; Nexcy De Le\u00f3n, vicepresidenta y Gustavo de Hostos, presidente de la C\u00e1mara de Comercio Dominico-Canadiense en la Rep\u00fablica Dominicana (CA <\/p>\n\n\n\n<p>NCHAM-RD), entidad que coorganiz\u00f3 este evento.<br>El presidente-fundador de BRA, Ulrick Gaillard, se\u00f1al\u00f3 que \u201ca medida que un nuevo optimismo econ\u00f3mico est\u00e1 resurgiendo con la contemplaci\u00f3n de una era inminente postpandemia, invertir en las mujeres, como se ha demostrado, puede ser un gran est\u00edmulo para el crecimiento de la econom\u00eda mundial\u201d. <\/p>\n\n\n\n<p><br>Resalt\u00f3 que en este 24 aniversarios de BRA han sido muy fruct\u00edferos, 10 de los cuales mantienen relaci\u00f3n con la Iniciativa Global Clinton, que el permiti\u00f3 ejecutar varios \u201cCompromisos de Acci\u00f3n\u201d de empoderamiento de las mujeres que viven en condiciones de pobreza y de vulnerabilidad en las zonas fronterizas de Hait\u00ed y los bateyes del pa\u00eds, ejecutando programas de desarrollo econ\u00f3mico y agr\u00edcola sostenible y proporcionando agua potable a comunidades rurales; mejorando la nutrici\u00f3n materno-infantil en Per\u00fa; y ayudando a mitigar la propagaci\u00f3n del virus zika. <\/p>\n\n\n\n<p><br>De su lado, la presidenta de BRA Dominicana, Togarma Rodr\u00edguez, expres\u00f3 que \u201cgeneralmente cuando hablamos de apoyo a la mujer, lo primero que nos viene a la mente es de ciertas medidas de apoyo financiero, lo cual no podemos dudar de que son importantes y de que pueden ayudar a cerrar la brecha para las mujeres, sin embargo tambi\u00e9n es esencial que, de manera simult\u00e1nea, se aborden las pr\u00e1cticas que puedan obstaculizar la plena participaci\u00f3n de las mujeres en la econom\u00eda y la sociedad\u201d.  <\/p>\n\n\n\n<p><br>Se\u00f1al\u00f3 que \u201ces por esto que desde la iniciativa de empoderamiento a la mujer que desarrollamos en BRA adem\u00e1s de capacitaci\u00f3n y microcr\u00e9ditos para mujeres se ofrecen programas de nutrici\u00f3n, agua potable, atenci\u00f3n primaria, programas de VIH, medicamentos, multivitaminicos y educaci\u00f3n sanitaria preventiva, lo que garantiza un mejor acceso a los servicios que aseguren su salud y el de su familia\u201d.<br>Mientras de la vicepresidenta de BRA Dominicana, Nexy De Le\u00f3n, indic\u00f3 que \u201cla exclusi\u00f3n de las mujeres en las principales tareas de toma de decisiones en el hogar, en el trabajo o en los niveles de pol\u00edticas es una pr\u00e1ctica que ha retrasado el crecimiento intelectual o profesional de esa poblaci\u00f3n para formar parte de procesos amplios dentro de sociedades donde sus logros han sido subestimado o infrautilizado\u201d. <\/p>\n\n\n\n<p><br>Precis\u00f3 que \u201cla perspectiva de una recuperaci\u00f3n econ\u00f3mica efectiva post Covid-19 solo se podr\u00eda lograr si se abordan los impactos sobre las mujeres y se integran las din\u00e1micas de g\u00e9nero, ya que a fines del 2020, la participaci\u00f3n del sexo femenino en la fuerza laboral en Am\u00e9rica Latina hab\u00eda ca\u00eddo al 46%, desde el 52% a fines de 2019, un r\u00e9cord en un solo a\u00f1o, ya que 13 millones de mujeres perdieron sus trabajos\u201d. <\/p>\n\n\n\n<p><br>Esta actividad virtual cuenta con el patrocinio del Banco Popular Dominicano y han sido invitados altos funcionarios del gobierno, miembros del cuerpo diplom\u00e1tico, directivos y miembros de BRA, representantes del empresariado y del sector privado, socios, colaboradores e invitados especiales.<br> <\/p>\n\n\n\n<figure class=\"wp-block-embed is-type-video is-provider-youtube wp-block-embed-youtube wp-embed-aspect-16-9 wp-has-aspect-ratio\"><div class=\"wp-block-embed__wrapper\">\n<iframe loading=\"lazy\" title=\"Conferencia del 24 Aniversario de Batey Relief Alliance\" width=\"616\" height=\"347\" src=\"https:\/\/www.youtube.com\/embed\/GFFAm4OxAKw?feature=oembed\" frameborder=\"0\" allow=\"accelerometer; autoplay; clipboard-write; encrypted-media; gyroscope; picture-in-picture; web-share\" referrerpolicy=\"strict-origin-when-cross-origin\" allowfullscreen><\/iframe>\n<\/div><\/figure>\n\n\n\n<p><strong>Sobre Batey Relief Alliance (BRA)<\/strong><br>Es una organizaci\u00f3n no gubernamental, humanitaria, apartidista y sin fines de lucro que fue fundada en Nueva York, Estados Unidos en el 1997 con la misi\u00f3n contribuir con la soluci\u00f3n de las necesidades socioecon\u00f3micas y sanitarias de m\u00e1s de 2.5 millones ni\u00f1os y sus familias afectadas severamente por la pobreza extrema, las enfermedades y el hambre en la regi\u00f3n, especialmente en los Estados Unidos, Per\u00fa, Hait\u00ed y la Rep\u00fablica Dominicana. <\/p>\n\n\n\n<p><br>En el 2018 BRA cambi\u00f3 sus estrategias de intervenci\u00f3n en el \u201cDesarrollo de la comunidad a trav\u00e9s de una plataforma hol\u00edstica de empoderamiento de las mujeres,\u201d que ofrece capacitaci\u00f3n y microcr\u00e9ditos a 5 mil mujeres y ni\u00f1as, complementado con el acceso a la salud materno-infantil, nutrici\u00f3n, agua potable, atenci\u00f3n primaria y de VIH, medicamentos, multivitaminas y educaci\u00f3n sanitaria preventiva.<br>La experiencia de BRA en este campo de trabajo se remonta a 2009 cuando colabor\u00f3 con la Agencia de los Estados Unidos para el Desarrollo Internacional (USAID) y del Departamento de Agricultura de los Estados Unidos (USDA) para desarrollar programas agropecuarios, cooperativas de empoderamiento de las mujeres que beneficiaron a m\u00e1s de 35 mil personas en las regiones rurales e fronterizas de Rep\u00fablica Dominicana y Hait\u00ed. <\/p>\n\n\n\n<p><br>Su mayor contribuci\u00f3n fue la instalaci\u00f3n en   2006 del \u201cCentro M\u00e9dico BRA\u201d en el Batey Cinco Casas, del distrito municipal Don Juan, en la provincia de Monte Plata, siendo el primer complejo sanitario moderno construido en un batey dominicano desde el inicio de la producci\u00f3n azucarera en la Rep\u00fablica Dominicana en el a\u00f1o 1517. <\/p>\n\n\n\n<p><br>Durante diez a\u00f1os, este centro m\u00e9dico brinda servicios integrales de salud y VIH, medicamentos y nutrici\u00f3n gratuitos a poblaciones marginadas y en riesgo de enfermedades, salvando m\u00e1s de 350 mil vidas. En el 2017, BRA entreg\u00f3 este centro, junto con un Modelo de Atenci\u00f3n de Salud al Ministerio de Salud P\u00fablica del pa\u00eds, a trav\u00e9s del Servicio Regional de Salud Metropolitano, para continuar cerrando la brecha de atenci\u00f3n sanitaria en los bateyes y otras comunidades rurales empobrecidas de la naci\u00f3n. <\/p>\n\n\n\n<p><br>El \u201cCentro M\u00e9dico BRA\u201d represent\u00f3 m\u00e1s que una respuesta a un a crisis sanitaria polarizada de d\u00e9cadas y se convirti\u00f3 en parte integral de un per\u00edodo hist\u00f3rico que simboliza para muchos la esperanza, la justicia y la dignidad, independientemente de la raza, nacionalidad, g\u00e9nero, orientaci\u00f3n sexual, condici\u00f3n econ\u00f3mica, religi\u00f3n o creencia, o afiliaci\u00f3n pol\u00edtica. <\/p>\n\n\n\n<p><br>BRA est\u00e1 afiliada con la Iniciativa Global Clinton (CGI) de la Fundaci\u00f3n Clinton; tiene estatus consultivo especial en el Consejo Econ\u00f3mico y Social de las Naciones Unidas (ECOSOC) y es una organizaci\u00f3n voluntaria p\u00fablica de la USAID. <\/p>\n\n\n\n<p>Enver L\u00f3pez Milander  <\/p>\n\n\n\n<p><strong>LINKS PARA VER LA CONFERENCIA:<\/strong><br>YouTube:&nbsp;<a rel=\"noreferrer noopener\" savefrom_lm_index=\"0\" savefrom_lm=\"1\" href=\"https:\/\/youtu.be\/GFFAm4OxAKw\" target=\"_blank\">https:\/\/youtu.be\/GFFAm4OxAKw<\/a><span style=\"padding: 0; margin: 0; margin-left: 5px;\"><a title=\"Obtener un enlace directo\" savefrom_lm=\"1\" savefrom_lm_is_link=\"1\" style=\"background-image: url(&quot;data:image\/gif;base64,R0lGODlhEAAQAOZ3APf39+Xl5fT09OPj4\/Hx8evr6\/3+\/u7u7uDh4OPi497e3t7e3\/z8\/P79\/X3GbuXl5ubl5eHg4WzFUfb39+Pj4lzGOV7LOPz7+\/n6+vn5+ZTLj9\/e387Ozt7f3\/7+\/vv7\/ISbePn5+m\/JV1nRKXmVbkCnKVrSLDqsCuDh4d\/e3uDn3\/z7\/H6TdVeaV1uSW+bn5v39\/eXm5eXm5kyHP\/f39pzGmVy7J3yRd9\/f3mLEKkXCHJbka2TVM5vaZn6Wdfn6+YG\/c\/r5+ZO\/jeLi41aHTIeageLn4f39\/vr6+kzNG2PVM5i+lomdf2CXYKHVmtzo2YXNeDqsBebl5uHh4HDKWN3g3kKqEH6WeZHTXIPKdnSPbv79\/pfmbE7PHpe1l4O8dTO5DODg4VDLIlKUUtzo2J7SmEWsLlG4NJbFjkrJHP7+\/VK5Nfz8+zmnC3KKa+Hg4OHh4Y63j\/3+\/eDg4Ojo6P\/\/\/8DAwP\/\/\/wAAAAAAAAAAAAAAAAAAAAAAAAAAAAAAACH5BAEAAHcALAAAAAAQABAAAAfWgHd2g4SFhYJzdYqLjIpzgx5bBgYwHg1Hk2oNDXKDFwwfDF5NLmMtcStsn4MhGT8YS04aGmU1QRhIGYMTADQAQlAODlloAMYTgwICRmRfVBISIkBPKsqDBAREZmcVFhYVayUz2IMHB1dWOmImI2lgUVrmgwUFLzdtXTxKSSduMfSD6Aik48MGlx05SAykM0gKhAAPAhTB0oNFABkPHg5KMIBCxzlMQFQZMGBIggSDpsCJgGDOmzkIUCAIM2dOhEEcNijQuQDHgg4KOqRYwMGOIENIB90JBAA7&quot;); background-repeat: no-repeat; width: 16px; height: 16px; display: inline-block; border: none; text-decoration: none; padding: 0px; position: relative;\" href=\"http:\/\/savefrom.net\/?url=https%3A%2F%2Fyoutu.be%2FGFFAm4OxAKw&amp;utm_source=opera-chromium&amp;utm_medium=extensions&amp;utm_campaign=link_modifier\" target=\"_blank\" rel=\"noopener\"><\/a><\/span><br>Facebook:&nbsp;<a rel=\"noreferrer noopener\" href=\"https:\/\/www.facebook.com\/252482613802\/posts\/10158475440823803\/?d=n\" target=\"_blank\">https:\/\/www.facebook.com\/252482613802\/posts\/10158475440823803\/?d=n<\/a><br>Website:&nbsp;<a rel=\"noreferrer noopener\" href=\"https:\/\/bateyrelief.org\/\" target=\"_blank\">https:\/\/bateyrelief.org\/<\/a><br>Twitter:&nbsp;<a rel=\"noreferrer noopener\" href=\"https:\/\/t.co\/nEvtTGMI5T\" target=\"_blank\">https:\/\/t.co\/nEvtTGMI5T<\/a><\/p>\n","protected":false},"excerpt":{"rendered":"<p>En una conferencia efectuada este jueves para celebrar el 24 aniversariode la entidad BRA y sus 10 a\u00f1os en asociaci\u00f3n con la Iniciativa Global Clinton,se destacaron los aportes de esta instituci\u00f3n sin fines de lucro. Santo Domingo, RD. Al exponer como oradora central del 24 aniversario de organizaci\u00f3n no gubernamental estadounidense Batey Relief Alliance (BRA), [&hellip;]<\/p>\n","protected":false},"author":2,"featured_media":307526,"comment_status":"closed","ping_status":"","sticky":true,"template":"","format":"standard","meta":{"footnotes":""},"categories":[25,27],"tags":[],"class_list":["post-307498","post","type-post","status-publish","format-standard","has-post-thumbnail","hentry","category-gente","category-portada"],"_links":{"self":[{"href":"https:\/\/diariodominicano.com\/index.php?rest_route=\/wp\/v2\/posts\/307498","targetHints":{"allow":["GET"]}}],"collection":[{"href":"https:\/\/diariodominicano.com\/index.php?rest_route=\/wp\/v2\/posts"}],"about":[{"href":"https:\/\/diariodominicano.com\/index.php?rest_route=\/wp\/v2\/types\/post"}],"author":[{"embeddable":true,"href":"https:\/\/diariodominicano.com\/index.php?rest_route=\/wp\/v2\/users\/2"}],"replies":[{"embeddable":true,"href":"https:\/\/diariodominicano.com\/index.php?rest_route=%2Fwp%2Fv2%2Fcomments&post=307498"}],"version-history":[{"count":5,"href":"https:\/\/diariodominicano.com\/index.php?rest_route=\/wp\/v2\/posts\/307498\/revisions"}],"predecessor-version":[{"id":307545,"href":"https:\/\/diariodominicano.com\/index.php?rest_route=\/wp\/v2\/posts\/307498\/revisions\/307545"}],"wp:featuredmedia":[{"embeddable":true,"href":"https:\/\/diariodominicano.com\/index.php?rest_route=\/wp\/v2\/media\/307526"}],"wp:attachment":[{"href":"https:\/\/diariodominicano.com\/index.php?rest_route=%2Fwp%2Fv2%2Fmedia&parent=307498"}],"wp:term":[{"taxonomy":"category","embeddable":true,"href":"https:\/\/diariodominicano.com\/index.php?rest_route=%2Fwp%2Fv2%2Fcategories&post=307498"},{"taxonomy":"post_tag","embeddable":true,"href":"https:\/\/diariodominicano.com\/index.php?rest_route=%2Fwp%2Fv2%2Ftags&post=307498"}],"curies":[{"name":"wp","href":"https:\/\/api.w.org\/{rel}","templated":true}]}}