{"id":307488,"date":"2021-11-11T20:18:37","date_gmt":"2021-11-12T00:18:37","guid":{"rendered":"http:\/\/diariodominicano.com\/?p=307488"},"modified":"2021-11-11T20:19:18","modified_gmt":"2021-11-12T00:19:18","slug":"fuerza-del-pueblo-sugiere-adopcion-de-medidas-ante-vacio-de-poder-constitucional-en-haiti","status":"publish","type":"post","link":"https:\/\/diariodominicano.com\/?p=307488","title":{"rendered":"Fuerza del Pueblo sugiere adopci\u00f3n de medidas ante \u00abvac\u00edo de poder constitucional\u2019 en Hait\u00ed\u00bb"},"content":{"rendered":"\n<p><strong><em>En plano nacional FP apoy\u00f3 medida de reforzar vigilancia fronteriza <\/em><\/strong><\/p>\n\n\n\n<p>Santo Domingo.- El partido Fuerza del Pueblo, sugiri\u00f3 este jueves al gobierno dominicano, adoptar una serie de medidas, frente al \u00abvac\u00edo de poder constitucional\u00bb y el agravamiento de la situaci\u00f3n en Hait\u00ed. Manolo Pichardo, secretario de relaciones internacionales de FP, dijo que la crisis de Hait\u00ed tiene varias d\u00e9cadas, pero se agravado luego del asesinato de J\u00f3venes M\u00f6ise.<\/p>\n\n\n\n<p>\u00abPese a que Hait\u00ed viene arrastrando desde hace m\u00e1s de tres d\u00e9cadas las malas condiciones econ\u00f3micas, sociales, pol\u00edticas, institucionales y ambientales. Este fen\u00f3meno que se ha empeorado junto a otros factores que se agregan a la actual crisis y que se manifiesta como vac\u00edo de poder constitucional, se ha profundizado despu\u00e9s del magnicidio del presidente Jovenel Mo\u00efse con el control que ejerce la presencia de la federaci\u00f3n de pandillas, que disputa con eficacia un amplio espacio territorial de la capital Puerto Pr\u00edncipe\u00bb, dijo Pichardo.<\/p>\n\n\n\n<figure class=\"wp-block-image size-large\"><img loading=\"lazy\" decoding=\"async\" width=\"1024\" height=\"526\" src=\"https:\/\/diariodominicano.com\/wp-content\/uploads\/2021\/11\/Fuerza-del-Pueblo-sugiere-adopcion-de-medidas-ante-1024x526.jpg\" alt=\"\" class=\"wp-image-307514\" srcset=\"https:\/\/diariodominicano.com\/wp-content\/uploads\/2021\/11\/Fuerza-del-Pueblo-sugiere-adopcion-de-medidas-ante-1024x526.jpg 1024w, https:\/\/diariodominicano.com\/wp-content\/uploads\/2021\/11\/Fuerza-del-Pueblo-sugiere-adopcion-de-medidas-ante-300x154.jpg 300w, https:\/\/diariodominicano.com\/wp-content\/uploads\/2021\/11\/Fuerza-del-Pueblo-sugiere-adopcion-de-medidas-ante-768x395.jpg 768w, https:\/\/diariodominicano.com\/wp-content\/uploads\/2021\/11\/Fuerza-del-Pueblo-sugiere-adopcion-de-medidas-ante-1536x789.jpg 1536w, https:\/\/diariodominicano.com\/wp-content\/uploads\/2021\/11\/Fuerza-del-Pueblo-sugiere-adopcion-de-medidas-ante-2048x1052.jpg 2048w, https:\/\/diariodominicano.com\/wp-content\/uploads\/2021\/11\/Fuerza-del-Pueblo-sugiere-adopcion-de-medidas-ante-816x419.jpg 816w\" sizes=\"auto, (max-width: 1024px) 100vw, 1024px\" \/><\/figure>\n\n\n\n<p>En rueda de prensa conjunta, junto a Pichardo, de la secretar\u00eda de asuntos internacionales estuvieron, los vicesecretarios Fior Pichardo, Mihail Garc\u00eda y Eddy De Gracia; tambi\u00e9n estuvo John Garc\u00eda, secretario de asuntos fronterizos, de la secretar\u00eda relaciones dominico-haitianas, Inocencio Gracia, titular y Sheila Stefan Bosch, vicesecretaria, adem\u00e1s Cindy Willians, vicesecretaria de asuntos migratorios de FP.<\/p>\n\n\n\n<p>Pichardo, al hablar como vocero, ley\u00f3 el documento en el que la la secretar\u00eda de Relaciones Internacionales fija posici\u00f3n sobre el tema haitiano, manifest\u00f3 que, \u00abEste peligroso c\u00f3ctel de problemas complejos no solo repercute en Hait\u00ed, sino que representa una problem\u00e1tica de alto riesgo para la Rep\u00fablica Dominicana, raz\u00f3n por la cual la Fuerza del Pueblo, ci\u00f1\u00e9ndose en su conducta pol\u00edtica nacional e internacional, a los principios de inviolabilidad de la soberan\u00eda y de no intervenci\u00f3n, e igualmente apegado al principio de no intervenci\u00f3n en los asuntos internos de otros Estados, sugerimos al gobierno la adopci\u00f3n de una serie de medidas\u00bb.<\/p>\n\n\n\n<p>\u00abAnte la consecuente profundizaci\u00f3n de la crisis social y pol\u00edtica en Hait\u00ed, la Fuerza del Pueblo entiende que la comunidad internacional debe actuar de manera urgente e ir en auxilio con ayuda humanitaria y alimentaria para socorrer a los m\u00e1s de cinco millones de ciudadanos haitianos que est\u00e1n padeciendo de Hambre Pura\u00bb, agreg\u00f3<\/p>\n\n\n\n<p>Al leer el documento contentivo de las sugerencia, Pichardo dijo que, \u00abDesde el \u00e1mbito multilateral de Naciones Unidas (ONU) y la Organizaci\u00f3n de Estados Americanos (OEA) y de otros importantes organismos regionales, se debe analizar la in\u00e9dita crisis estructural y de coyuntura por la que atraviesa Hait\u00ed centrada en la particularidad haitiana, y se dise\u00f1en potenciales estrategias de apoyo institucional en la cual se contemple no solo el Enfoque de Seguridad Regional, sino que, adem\u00e1s y principalmente, est\u00e9n acompa\u00f1adas del \u201cEnfoque de Reconstrucci\u00f3n Econ\u00f3mico, Social e Institucional\u00bb.<\/p>\n\n\n\n<p>Medidas nacionales<\/p>\n\n\n\n<p>\u00abEn el plano nacional, la Fuerza del Pueblo apoya las medidas adoptadas por el Gobierno dominicano para aumentar la vigilancia estricta en la frontera, mediante la \u201cOperaci\u00f3n Gavi\u00f3n\u201d y la apertura con ingreso controlado a los mercados binacionales que eviten la profundizaci\u00f3n del padecimiento alimentario en el vecino pa\u00eds\u00bb, continu\u00f3 diciendo, Manolo Pichardo.<\/p>\n\n\n\n<p>En esa misma l\u00ednea, \u00abComo complemento a la seguridad militar fronteriza dada la presencia de pandillas fuertemente armadas en Hait\u00ed, se deben dise\u00f1ar escenarios preventivos en el orden policial, migratorio y humanitario que resguarden al pa\u00eds de potenciales y previsibles consecuencias no deseadas\u00bb.<\/p>\n\n\n\n<p>La Fuerza del Pueblo tambi\u00e9n entiende que se debe monitorear de manera constantes las eventualidades en pa\u00eds vecino. \u00abAnte el tranque institucional y el limbo constitucional en el que se encuentra el vecino pa\u00eds, sugerimos que el Gobierno dominicano mantenga un observatorio permanente que permita el monitoreo y seguimiento de la crisis\u00bb, dice el documento.<\/p>\n\n\n\n<p>\u00abAnte esta crisis se debe adoptar un enfoque de Seguridad multidimensional que significa tomar en cuenta todos los componentes que inciden en la din\u00e1mica de las relaciones bilaterales y, dentro de ellas, la activa din\u00e1mica de las relaciones bilaterales fronterizas. Con ese prop\u00f3sito, involucrar en una estrecha coordinaci\u00f3n a las distintas instancias gubernamentales responsables para el enfrentamiento efectivo de factores como el \u2018Tr\u00e1fico Il\u00edcito de Migrantes y Trata de Personas\u2019, el \u2018Tr\u00e1fico de Armas Peque\u00f1as y Ligeras\u2019; la crisis humanitaria alimentaria, la sanitaria relacionada con los temas fito y zoosanitarios y, particularmente, la relacionada con la presente pandemia de la COVID-19, entre otros\u00bb, continu\u00f3 el secretario de Relaciones Internacionales.<\/p>\n\n\n\n<p>\u00abEl emprendimiento de una activa y coherente estrategia diplom\u00e1tica ante los organismos multilaterales, regionales y bilaterales que elaboran la toma de decisiones y\/o influyen en ellas y que tendr\u00eda como prop\u00f3sito monitorear aspectos decisionales que puedan afectar los intereses de la Rep\u00fablica Dominicana. De manera particular, sugerimos acudir a la presidencia mexicana del Consejo de Seguridad que actualmente ostenta ese pa\u00eds hermano para que la in\u00e9dita crisis nacional e internacional de Hait\u00ed sea incluida en la agenda de ese organismo multilateral\u00bb.<\/p>\n\n\n\n<p>Finalmente, Pichardo dijo que, \u00abLa Fuerza del Pueblo, cuyo presidente y l\u00edder es el doctor Leonel Fern\u00e1ndez, ex presidente constitucional de la Rep\u00fablica, hace un llamado a la Comunidad de Estados Latinoamericanos y Caribe\u00f1os (CELAC) de emprender diligencias que activen la b\u00fasqueda de una soluci\u00f3n multilateral urgente ante el drama por el que atraviesa Hait\u00ed\u00bb.<\/p>\n\n\n\n<p>Secretar\u00eda de Comunicaciones<br>Fuerza del Pueblo<\/p>\n\n\n\n<p><\/p>\n","protected":false},"excerpt":{"rendered":"<p>En plano nacional FP apoy\u00f3 medida de reforzar vigilancia fronteriza Santo Domingo.- El partido Fuerza del Pueblo, sugiri\u00f3 este jueves al gobierno dominicano, adoptar una serie de medidas, frente al \u00abvac\u00edo de poder constitucional\u00bb y el agravamiento de la situaci\u00f3n en Hait\u00ed. Manolo Pichardo, secretario de relaciones internacionales de FP, dijo que la crisis de [&hellip;]<\/p>\n","protected":false},"author":7,"featured_media":307515,"comment_status":"closed","ping_status":"","sticky":true,"template":"","format":"standard","meta":{"footnotes":""},"categories":[20,27],"tags":[],"class_list":["post-307488","post","type-post","status-publish","format-standard","has-post-thumbnail","hentry","category-dominicana-hoy","category-portada"],"_links":{"self":[{"href":"https:\/\/diariodominicano.com\/index.php?rest_route=\/wp\/v2\/posts\/307488","targetHints":{"allow":["GET"]}}],"collection":[{"href":"https:\/\/diariodominicano.com\/index.php?rest_route=\/wp\/v2\/posts"}],"about":[{"href":"https:\/\/diariodominicano.com\/index.php?rest_route=\/wp\/v2\/types\/post"}],"author":[{"embeddable":true,"href":"https:\/\/diariodominicano.com\/index.php?rest_route=\/wp\/v2\/users\/7"}],"replies":[{"embeddable":true,"href":"https:\/\/diariodominicano.com\/index.php?rest_route=%2Fwp%2Fv2%2Fcomments&post=307488"}],"version-history":[{"count":3,"href":"https:\/\/diariodominicano.com\/index.php?rest_route=\/wp\/v2\/posts\/307488\/revisions"}],"predecessor-version":[{"id":307518,"href":"https:\/\/diariodominicano.com\/index.php?rest_route=\/wp\/v2\/posts\/307488\/revisions\/307518"}],"wp:featuredmedia":[{"embeddable":true,"href":"https:\/\/diariodominicano.com\/index.php?rest_route=\/wp\/v2\/media\/307515"}],"wp:attachment":[{"href":"https:\/\/diariodominicano.com\/index.php?rest_route=%2Fwp%2Fv2%2Fmedia&parent=307488"}],"wp:term":[{"taxonomy":"category","embeddable":true,"href":"https:\/\/diariodominicano.com\/index.php?rest_route=%2Fwp%2Fv2%2Fcategories&post=307488"},{"taxonomy":"post_tag","embeddable":true,"href":"https:\/\/diariodominicano.com\/index.php?rest_route=%2Fwp%2Fv2%2Ftags&post=307488"}],"curies":[{"name":"wp","href":"https:\/\/api.w.org\/{rel}","templated":true}]}}