{"id":307460,"date":"2021-11-11T14:46:26","date_gmt":"2021-11-11T18:46:26","guid":{"rendered":"http:\/\/diariodominicano.com\/?p=307460"},"modified":"2021-11-11T14:46:26","modified_gmt":"2021-11-11T18:46:26","slug":"futbol-messi-evoluciona-bien-de-molestia-fisica-y-se-perfila-para-jugar-contra-uruguay","status":"publish","type":"post","link":"https:\/\/diariodominicano.com\/?p=307460","title":{"rendered":"F\u00fatbol: Messi evoluciona \u00abbien\u00bb de molestia f\u00edsica y se perfila para jugar contra Uruguay"},"content":{"rendered":"\n<h3 class=\"wp-block-heading\">diariodominicano.com<a rel=\"noreferrer noopener\" href=\"https:\/\/www.xinhua-news.com\/gdsdetailxhs\/share\/10595041-?pageflag=iframe\" target=\"_blank\"><\/a><\/h3>\n\n\n\n<pre id=\"text-news-description\" class=\"wp-block-preformatted\">   BUENOS AIRES, 11 nov (Xinhua) -- El jugador argentino Lionel Messi evoluciona \"bien\" de su molestia f\u00edsica y se perfila para jugar ante Uruguay ma\u00f1ana viernes en la ciudad uruguaya de Montevideo, partido de las eliminatorias sudamericanas rumbo al Mundial de Qatar 2022, dijo hoy el entrenador del seleccionado argentino, Lionel Scaloni.\n   El director t\u00e9cnico del conjunto \"albiceleste\" remarc\u00f3 en conferencia de prensa la predisposici\u00f3n que siempre ha tenido Messi para jugar con su selecci\u00f3n.\n   Scaloni sostuvo en el predio de la Asociaci\u00f3n del F\u00fatbol Argentino, en Ezeiza, en la periferia sur de Buenos Aires, que el capit\u00e1n de la selecci\u00f3n argentina \"en principio est\u00e1 bien\", ya que en el entrenamiento del mi\u00e9rcoles \"intensific\u00f3 un poco m\u00e1s\" los ejercicios f\u00edsicos y respondi\u00f3 de forma positiva de su lesi\u00f3n en la rodilla izquierda.\n   \"Yo tambi\u00e9n quiero que juegue (...) para m\u00ed es un orgullo que todos tengan esas ganas de jugar. Aun no estando en las mejores condiciones en la Copa (Am\u00e9rica de Brasil 2019) \u00e9l jug\u00f3 igual\", expres\u00f3.\n   El director t\u00e9cnico se\u00f1al\u00f3 que el partido contra el seleccionado de Uruguay por las eliminatorias sudamericanas va a ser \"muy dif\u00edcil\".\n   Subray\u00f3 que el seleccionado uruguayo que dirige Oscar Tab\u00e1rez tiene de los mejores delanteros del mundo como Luis Su\u00e1rez (Atl\u00e9tico Madrid de Espa\u00f1a) y Edinson Cavani (Manchester United de Reino Unido).\n   Descart\u00f3 adem\u00e1s para el encuentro contra Uruguay por lesi\u00f3n al centrocampista argentino Leandro Paredes, quien juega en el club Par\u00eds Saint Germain de Francia.\n   Luego del partido contra Uruguay, el seleccionado de Argentina recibir\u00e1 a Brasil el pr\u00f3ximo 16 de noviembre en San Juan, 1.200 kil\u00f3metros al oeste de Buenos Aires.\n   La selecci\u00f3n de f\u00fatbol de Brasil lidera la clasificaci\u00f3n sudamericana con 31 puntos, por delante de Argentina (25), Ecuador (17), Colombia y Uruguay (16) rumbo a Qatar 2021.<\/pre>\n","protected":false},"excerpt":{"rendered":"<p>diariodominicano.com BUENOS AIRES, 11 nov (Xinhua) &#8212; El jugador argentino Lionel Messi evoluciona \u00abbien\u00bb de su molestia f\u00edsica y se perfila para jugar ante Uruguay ma\u00f1ana viernes en la ciudad uruguaya de Montevideo, partido de las eliminatorias sudamericanas rumbo al Mundial de Qatar 2022, dijo hoy el entrenador del seleccionado argentino, Lionel Scaloni. El director [&hellip;]<\/p>\n","protected":false},"author":5,"featured_media":307461,"comment_status":"closed","ping_status":"","sticky":true,"template":"","format":"standard","meta":{"footnotes":""},"categories":[23,27],"tags":[],"class_list":["post-307460","post","type-post","status-publish","format-standard","has-post-thumbnail","hentry","category-internacional","category-portada"],"_links":{"self":[{"href":"https:\/\/diariodominicano.com\/index.php?rest_route=\/wp\/v2\/posts\/307460","targetHints":{"allow":["GET"]}}],"collection":[{"href":"https:\/\/diariodominicano.com\/index.php?rest_route=\/wp\/v2\/posts"}],"about":[{"href":"https:\/\/diariodominicano.com\/index.php?rest_route=\/wp\/v2\/types\/post"}],"author":[{"embeddable":true,"href":"https:\/\/diariodominicano.com\/index.php?rest_route=\/wp\/v2\/users\/5"}],"replies":[{"embeddable":true,"href":"https:\/\/diariodominicano.com\/index.php?rest_route=%2Fwp%2Fv2%2Fcomments&post=307460"}],"version-history":[{"count":1,"href":"https:\/\/diariodominicano.com\/index.php?rest_route=\/wp\/v2\/posts\/307460\/revisions"}],"predecessor-version":[{"id":307462,"href":"https:\/\/diariodominicano.com\/index.php?rest_route=\/wp\/v2\/posts\/307460\/revisions\/307462"}],"wp:featuredmedia":[{"embeddable":true,"href":"https:\/\/diariodominicano.com\/index.php?rest_route=\/wp\/v2\/media\/307461"}],"wp:attachment":[{"href":"https:\/\/diariodominicano.com\/index.php?rest_route=%2Fwp%2Fv2%2Fmedia&parent=307460"}],"wp:term":[{"taxonomy":"category","embeddable":true,"href":"https:\/\/diariodominicano.com\/index.php?rest_route=%2Fwp%2Fv2%2Fcategories&post=307460"},{"taxonomy":"post_tag","embeddable":true,"href":"https:\/\/diariodominicano.com\/index.php?rest_route=%2Fwp%2Fv2%2Ftags&post=307460"}],"curies":[{"name":"wp","href":"https:\/\/api.w.org\/{rel}","templated":true}]}}