{"id":307443,"date":"2021-11-11T13:16:23","date_gmt":"2021-11-11T17:16:23","guid":{"rendered":"http:\/\/diariodominicano.com\/?p=307443"},"modified":"2021-11-11T13:16:59","modified_gmt":"2021-11-11T17:16:59","slug":"hard-rock-cafe-santo-domingo-presenta-en-concierto-al-cacique-de-la-bachata-raulin-rodriguez","status":"publish","type":"post","link":"https:\/\/diariodominicano.com\/?p=307443","title":{"rendered":"Hard Rock Caf\u00e9 Santo Domingo presenta en concierto al \u201cCacique de la Bachata\u201d, Raul\u00edn Rodr\u00edguez"},"content":{"rendered":"\n<p><strong>El concierto est\u00e1 pautado para jueves 2 de diciembre a partir de las 8:00 de la noche<\/strong><\/p>\n\n\n\n<p><strong>Santo Domingo,&nbsp; DN.<\/strong>&#8211; El int\u00e9rprete de la bachata Raul\u00edn Rodr\u00edguez, recorrer\u00e1 su historia musical, este pr\u00f3ximo jueves 2 de diciembre en Hard Rock Caf\u00e9 Santo Domingo, bajo la empresa Mercenario&nbsp;Musik, que preside el empresario Ralph Leitner.<\/p>\n\n\n\n<p>El \u201cCacique de la Bachata\u201d, como es tambi\u00e9n conocido el int\u00e9rprete de \u201cEsta noche\u201d y \u201cMedicina de amor\u201d, entre otras, promete satisfacer el deseo del p\u00fablico bachatero que asistir\u00e1 a su concierto.<\/p>\n\n\n\n<p>El artista brindar\u00e1 a los asistentes un concierto sin desperdicios y cargado de mucho sentimiento, con las historias que han dado vida a su trayectoria art\u00edstica, precis\u00f3 el int\u00e9rprete oriundo de Montecristi.<\/p>\n\n\n\n<p>El int\u00e9rprete de \u201cEsta noche\u201d, manifest\u00f3 su emoci\u00f3n por estar nueva vez compartiendo con toda su fanaticada donde cantar\u00e1 todos los \u00e9xitos musicales que la gente ha hecho parte de su vida.<\/p>\n\n\n\n<p>El veterano bachatero ganador en diferentes momentos del Soberano como Bachatero del A\u00f1o, estar\u00e1 acompa\u00f1ado de DJ y cantante dominicano DJ &nbsp;Scuff.<\/p>\n\n\n\n<p>Rodr\u00edguez, es uno de los bachateros que ha marcado un estilo propio, impactando en la gente por sus letras y su especial voz, por el nivel de popularidad y por ventas de sus discos en el mercado local dominicano e internacional.<\/p>\n\n\n\n<p>En este concierto el p\u00fablico podr\u00e1 disfrutar temas como Nereyda, Una Mujer Como T\u00fa, Medicina de Amor, El Amor Da Vida, Me La Pusieron Dif\u00edcil, Coraz\u00f3n con Candado, \u00a0Como Lo Niego, \u00a0entre otros.-<\/p>\n\n\n\n<p>Nieves Disla Mart\u00ednez, Relaciones P\u00fablicas<\/p>\n\n\n\n<p><\/p>\n\n\n\n<p><\/p>\n","protected":false},"excerpt":{"rendered":"<p>El concierto est\u00e1 pautado para jueves 2 de diciembre a partir de las 8:00 de la noche Santo Domingo,&nbsp; DN.&#8211; El int\u00e9rprete de la bachata Raul\u00edn Rodr\u00edguez, recorrer\u00e1 su historia musical, este pr\u00f3ximo jueves 2 de diciembre en Hard Rock Caf\u00e9 Santo Domingo, bajo la empresa Mercenario&nbsp;Musik, que preside el empresario Ralph Leitner. El \u201cCacique [&hellip;]<\/p>\n","protected":false},"author":2,"featured_media":307448,"comment_status":"closed","ping_status":"","sticky":true,"template":"","format":"standard","meta":{"footnotes":""},"categories":[25,27],"tags":[],"class_list":["post-307443","post","type-post","status-publish","format-standard","has-post-thumbnail","hentry","category-gente","category-portada"],"_links":{"self":[{"href":"https:\/\/diariodominicano.com\/index.php?rest_route=\/wp\/v2\/posts\/307443","targetHints":{"allow":["GET"]}}],"collection":[{"href":"https:\/\/diariodominicano.com\/index.php?rest_route=\/wp\/v2\/posts"}],"about":[{"href":"https:\/\/diariodominicano.com\/index.php?rest_route=\/wp\/v2\/types\/post"}],"author":[{"embeddable":true,"href":"https:\/\/diariodominicano.com\/index.php?rest_route=\/wp\/v2\/users\/2"}],"replies":[{"embeddable":true,"href":"https:\/\/diariodominicano.com\/index.php?rest_route=%2Fwp%2Fv2%2Fcomments&post=307443"}],"version-history":[{"count":2,"href":"https:\/\/diariodominicano.com\/index.php?rest_route=\/wp\/v2\/posts\/307443\/revisions"}],"predecessor-version":[{"id":307449,"href":"https:\/\/diariodominicano.com\/index.php?rest_route=\/wp\/v2\/posts\/307443\/revisions\/307449"}],"wp:featuredmedia":[{"embeddable":true,"href":"https:\/\/diariodominicano.com\/index.php?rest_route=\/wp\/v2\/media\/307448"}],"wp:attachment":[{"href":"https:\/\/diariodominicano.com\/index.php?rest_route=%2Fwp%2Fv2%2Fmedia&parent=307443"}],"wp:term":[{"taxonomy":"category","embeddable":true,"href":"https:\/\/diariodominicano.com\/index.php?rest_route=%2Fwp%2Fv2%2Fcategories&post=307443"},{"taxonomy":"post_tag","embeddable":true,"href":"https:\/\/diariodominicano.com\/index.php?rest_route=%2Fwp%2Fv2%2Ftags&post=307443"}],"curies":[{"name":"wp","href":"https:\/\/api.w.org\/{rel}","templated":true}]}}