{"id":307440,"date":"2021-11-11T13:11:43","date_gmt":"2021-11-11T17:11:43","guid":{"rendered":"http:\/\/diariodominicano.com\/?p=307440"},"modified":"2021-11-11T13:11:43","modified_gmt":"2021-11-11T17:11:43","slug":"defensores-del-pueblo-de-iberoamerica-debatiran-en-rd-impacto-de-la-pandemia-en-los-derechos","status":"publish","type":"post","link":"https:\/\/diariodominicano.com\/?p=307440","title":{"rendered":"Defensores del Pueblo de Iberoam\u00e9rica debatir\u00e1n en RD impacto de la pandemia en los derechos"},"content":{"rendered":"\n<p>\u00b7\u00a0\u00a0\u00a0\u00a0\u00a0\u00a0\u00a0\u00a0\u00a0<em>Con la realizaci\u00f3n de este evento se busca impulsar la buena administraci\u00f3n p\u00fablica, promoviendo pol\u00edticas\u00a0comunes que disminuyan los factores de vulnerabilidad de los migrantes, en el marco de una agenda com\u00fan<\/em><\/p>\n\n\n\n<p><strong>Santo Domingo.-<\/strong>&nbsp;Unos 20 pa\u00edses de Hispanoam\u00e9rica se reunir\u00e1n del 24 al 26 de noviembre en Rep\u00fablica Dominicana, a trav\u00e9s de sus Defensores del Pueblo, Procuradores y Comisionados P\u00fablicos de Derechos Humanos, para analizar los impactos de la pandemia COVID-19 en las sociedades, comunidades y colectivos en situaci\u00f3n especial de vulnerabilidad.<\/p>\n\n\n\n<p>La Vig\u00e9sima Quinta Reuni\u00f3n de Redes, Congreso y Asamblea General de la (FIO),&nbsp;tendr\u00e1&nbsp;lugar en el Hotel Catalonia de esta capital, bajo el liderazgo del Defensor del Pueblo de la Rep\u00fablica Dominicana, con el tema central&nbsp;<em>Pandemia, buena administraci\u00f3n p\u00fablica y derechos humanos.<\/em><\/p>\n\n\n\n<p>La noticia fue suministrada por el Defensor del Pueblo, Pablo Ulloa, quien explic\u00f3 que a ra\u00edz de la pandemia de la covid-19, los grupos en situaci\u00f3n de vulnerabilidad han visto acentuar sus entornos de riesgo poniendo de relieve las profundas desigualdades econ\u00f3micas y sociales de los pa\u00edses, y el reto que plantea garantizar sus derechos.<\/p>\n\n\n\n<p>&lt;&lt; Fundamentado en este hecho forzoso, y a sabiendas de que las Am\u00e9ricas constituye la regi\u00f3n&nbsp;m\u00e1s desigual de nuestro planeta caracterizada por profundas brechas sociales, urge recapacitar sobre&nbsp;los impactos de la COVID-19 en nuestras sociedades, comunidades y colectivos en situaci\u00f3n especial de vulnerabilidad, y los&nbsp;desaf\u00edos que implica proteger efectivamente sus derechos &gt;&gt;, apunt\u00f3 Ulloa.<\/p>\n\n\n\n<p>En el transcurso de un encuentro con los medios de comunicaci\u00f3n que encabezara en la sede del Defensor del Pueblo, puso de relieve que en esta ocasi\u00f3n se escoger\u00e1 el presidente de la FIO para los pr\u00f3ximos dos a\u00f1os quien sustituir\u00e1&nbsp;a Augusto Jord\u00e1n Rod\u00e1s Andrade, procurador de los Derechos Humanos de Guatemala,&nbsp;y al consejo rector que le acompa\u00f1ar\u00e1.<\/p>\n\n\n\n<p>\u201cCon la realizaci\u00f3n de este evento se busca impulsar la buena administraci\u00f3n p\u00fablica, promoviendo pol\u00edticas&nbsp;comunes que disminuyan los factores de vulnerabilidad de los migrantes, en el marco de una agenda com\u00fan en la que podamos resignificar los derechos &gt;&gt;, precis\u00f3, Ulloa.<\/p>\n\n\n\n<p>Acot\u00f3 finalmente, que desde el Defensor del Pueblo acent\u00faan esfuerzos para que cada iniciativa articulada desde la entidad, se revindique la raz\u00f3n de ser institucional. &lt;&lt; En esencia, nos esforzamos en que cada acci\u00f3n se inscriba en nuestra misi\u00f3n de proteger los derechos constitucionales y fundamentales de la persona y la comunidad, adem\u00e1s de supervisar el cumplimiento de los deberes de la administraci\u00f3n del Estado y la prestaci\u00f3n de los servicios p\u00fablicos a la poblaci\u00f3n, conforme a un accionar regido por la Constituci\u00f3n y sus leyes\u201d.<\/p>\n\n\n\n<p><strong>Detalles&nbsp;<\/strong><strong>XXV Reuni\u00f3n de la FIO<\/strong>&nbsp;&nbsp;<\/p>\n\n\n\n<p>Entre los temas a tratar figuran la salvaguarda de g\u00e9nero, preservaci\u00f3n de los derechos de las migraciones y trata de personas, as\u00ed como la protecci\u00f3n de los derechos de ni\u00f1os, ni\u00f1a y adolescentes, conservaci\u00f3n medioambiental y prerrogativas de los trabajadores del segmento minero y del sector privado.<\/p>\n\n\n\n<p>Han confirmado su asistencia representantes de Argentina, Bolivia, Brasil, Colombia, Costa Rica, Ecuador, El Salvador, Guatemala, Honduras, M\u00e9xico, Panam\u00e1, Paraguay, Per\u00fa, Portugal, Principado de Andorra, Andaluc\u00eda, Madrid, entre otros.<\/p>\n\n\n\n<p><strong><u>Acerca de la FIO<\/u><\/strong><\/p>\n\n\n\n<p>La\u00a0Federaci\u00f3n Iberoamericana de Ombudsman\u00a0(FIO), constituida en Cartagena de Indias (Colombia) en 1995, agrupa a m\u00e1s de 75 integrantes, entre Defensores del Pueblo, Procuradores, Proveedores, Razonadores, Comisionados y Presidentes de Comisiones P\u00fablicas de Derechos Humanos de los pa\u00edses iberoamericanos. Es un foro de discusi\u00f3n para la cooperaci\u00f3n, intercambio de experiencias y promoci\u00f3n, difusi\u00f3n y fortalecimiento de la instituci\u00f3n del Ombudsman en las regiones geogr\u00e1ficas de su jurisdicci\u00f3n.<\/p>\n\n\n\n<p><strong>Rosa Mar\u00eda Jim\u00e9nez<\/strong><\/p>\n","protected":false},"excerpt":{"rendered":"<p>\u00b7\u00a0\u00a0\u00a0\u00a0\u00a0\u00a0\u00a0\u00a0\u00a0Con la realizaci\u00f3n de este evento se busca impulsar la buena administraci\u00f3n p\u00fablica, promoviendo pol\u00edticas\u00a0comunes que disminuyan los factores de vulnerabilidad de los migrantes, en el marco de una agenda com\u00fan Santo Domingo.-&nbsp;Unos 20 pa\u00edses de Hispanoam\u00e9rica se reunir\u00e1n del 24 al 26 de noviembre en Rep\u00fablica Dominicana, a trav\u00e9s de sus Defensores del Pueblo, [&hellip;]<\/p>\n","protected":false},"author":2,"featured_media":307441,"comment_status":"closed","ping_status":"","sticky":true,"template":"","format":"standard","meta":{"footnotes":""},"categories":[20,27],"tags":[],"class_list":["post-307440","post","type-post","status-publish","format-standard","has-post-thumbnail","hentry","category-dominicana-hoy","category-portada"],"_links":{"self":[{"href":"https:\/\/diariodominicano.com\/index.php?rest_route=\/wp\/v2\/posts\/307440","targetHints":{"allow":["GET"]}}],"collection":[{"href":"https:\/\/diariodominicano.com\/index.php?rest_route=\/wp\/v2\/posts"}],"about":[{"href":"https:\/\/diariodominicano.com\/index.php?rest_route=\/wp\/v2\/types\/post"}],"author":[{"embeddable":true,"href":"https:\/\/diariodominicano.com\/index.php?rest_route=\/wp\/v2\/users\/2"}],"replies":[{"embeddable":true,"href":"https:\/\/diariodominicano.com\/index.php?rest_route=%2Fwp%2Fv2%2Fcomments&post=307440"}],"version-history":[{"count":1,"href":"https:\/\/diariodominicano.com\/index.php?rest_route=\/wp\/v2\/posts\/307440\/revisions"}],"predecessor-version":[{"id":307442,"href":"https:\/\/diariodominicano.com\/index.php?rest_route=\/wp\/v2\/posts\/307440\/revisions\/307442"}],"wp:featuredmedia":[{"embeddable":true,"href":"https:\/\/diariodominicano.com\/index.php?rest_route=\/wp\/v2\/media\/307441"}],"wp:attachment":[{"href":"https:\/\/diariodominicano.com\/index.php?rest_route=%2Fwp%2Fv2%2Fmedia&parent=307440"}],"wp:term":[{"taxonomy":"category","embeddable":true,"href":"https:\/\/diariodominicano.com\/index.php?rest_route=%2Fwp%2Fv2%2Fcategories&post=307440"},{"taxonomy":"post_tag","embeddable":true,"href":"https:\/\/diariodominicano.com\/index.php?rest_route=%2Fwp%2Fv2%2Ftags&post=307440"}],"curies":[{"name":"wp","href":"https:\/\/api.w.org\/{rel}","templated":true}]}}