{"id":307424,"date":"2021-11-11T13:02:11","date_gmt":"2021-11-11T17:02:11","guid":{"rendered":"http:\/\/diariodominicano.com\/?p=307424"},"modified":"2021-11-11T13:02:47","modified_gmt":"2021-11-11T17:02:47","slug":"panamericano-infantil-y-copa-del-caribe-de-judo-inicia-este-viernes","status":"publish","type":"post","link":"https:\/\/diariodominicano.com\/?p=307424","title":{"rendered":"Panamericano Infantil y Copa del Caribe de Judo inicia este viernes"},"content":{"rendered":"\n<p><strong> Parte del equipo infantil dominicano en pleno entrenamiento.\u00a0 <\/strong><\/p>\n\n\n\n<p><strong> Jesus Leonard<\/strong>o<\/p>\n\n\n\n<p><strong>SANTO DOMINGO<\/strong>. El Campeonato Panamericano Infantil y Copa del Caribe de Judo entregar\u00e1 este viernes las primeras medallas, con los combates preliminares desde las 9:00 de la ma\u00f1ana y cuyas finales ser\u00e1n a partir de las 5:00 de la tarde.\u00a0<\/p>\n\n\n\n<p>El programa de la primera fecha del certamen, que se llevar\u00e1 a cabo en sub-13 y sub-15 en el hotel Dominican Fiesta hasta el domingo, tambi\u00e9n establece que se har\u00e1 una breve ceremonia a las 4:00 de la tarde de este viernes.&nbsp;<\/p>\n\n\n\n<p>\u201cTodo est\u00e1 listo para dar paso a los protagonistas, que son los atletas. Este compromiso lo hemos asumido como una forma de impulsar el desarrollo de estos ni\u00f1os\u201d, manifest\u00f3 Gilberto Garc\u00eda, presidente de la Fedojudo.&nbsp;<\/p>\n\n\n\n<p>El Campeonato Panamericano Infantil concluir\u00e1 el s\u00e1bado con las competencias preliminares desde las 9:00 de la ma\u00f1ana, y los combates por medallas desde las 3:00 de la tarde.&nbsp;<\/p>\n\n\n\n<p>El domingo, desde las 9:00 de la ma\u00f1ana, tendr\u00e1 lugar la Copa del Caribe, seg\u00fan dio a conocer el licenciado el presidente de la Fedojudo.&nbsp;<\/p>\n\n\n\n<p>El campeonato, organizado por la Federaci\u00f3n Dominicana de Judo (Fedojudo), en coordinaci\u00f3n con la Confederaci\u00f3n Dominicana de esa disciplina (CPJ), contar\u00e1 con la participaci\u00f3n de atletas de 15 pa\u00edses.&nbsp;<\/p>\n\n\n\n<p>El&nbsp;Campeonato&nbsp;Panamericano&nbsp;y&nbsp;Copa&nbsp;Abierta&nbsp;del&nbsp;Caribe&nbsp;de Judo, que se llevar\u00e1 a cabo en forma de burbuja, es un evento oficial de la Confederaci\u00f3n Panamericana de Judo, organizado por la&nbsp;Fedojudo,&nbsp;y&nbsp;reunir\u00e1 a los mejores atletas&nbsp;infantiles de panam\u00e9rica.&nbsp;&nbsp;&nbsp;<\/p>\n\n\n\n<p>Desde tempranas horas del jueves se llev\u00f3 a cabo la \u00faltima jornada de toma de muestras para ingresar al hotel, requerimiento necesario para ingresar a la burbuja. El protocolo se lleva a cabo a trav\u00e9s del Ministerio de Salud P\u00fablica.&nbsp;&nbsp;<\/p>\n\n\n\n<p>El evento cuenta con el respaldo&nbsp;del&nbsp;Ministerio de Deportes, Opal Jean&nbsp;y&nbsp;el Comit\u00e9 Ol\u00edmpico Dominicano (COD)&nbsp;y&nbsp;ser\u00e1 transmitido por&nbsp;<a href=\"http:\/\/colimdo.org\/\" target=\"_blank\" rel=\"noreferrer noopener\">colimdo.org<\/a>&nbsp;y&nbsp;<a href=\"http:\/\/fedojudo.org\/\" target=\"_blank\" rel=\"noreferrer noopener\">fedojudo.org<\/a>.&nbsp;&nbsp;&nbsp;<\/p>\n\n\n\n<p>En el campeonato competir\u00e1n atletas de Estados Unidos, Brasil, Per\u00fa, M\u00e9xico, Panam\u00e1, Puerto Rico, Curazao, Ecuador, Hait\u00ed, Argentina, Uruguay, Bolivia, Colombia, Costa Rica&nbsp;y&nbsp;el anfitri\u00f3n Rep\u00fablica Dominicana, entre otros.&nbsp;&nbsp;<\/p>\n\n\n\n<p><\/p>\n\n\n\n<p><\/p>\n","protected":false},"excerpt":{"rendered":"<p>Parte del equipo infantil dominicano en pleno entrenamiento.\u00a0 Jesus Leonardo SANTO DOMINGO. El Campeonato Panamericano Infantil y Copa del Caribe de Judo entregar\u00e1 este viernes las primeras medallas, con los combates preliminares desde las 9:00 de la ma\u00f1ana y cuyas finales ser\u00e1n a partir de las 5:00 de la tarde.\u00a0 El programa de la primera [&hellip;]<\/p>\n","protected":false},"author":2,"featured_media":307426,"comment_status":"closed","ping_status":"","sticky":true,"template":"","format":"standard","meta":{"footnotes":""},"categories":[17,27],"tags":[],"class_list":["post-307424","post","type-post","status-publish","format-standard","has-post-thumbnail","hentry","category-deportes","category-portada"],"_links":{"self":[{"href":"https:\/\/diariodominicano.com\/index.php?rest_route=\/wp\/v2\/posts\/307424","targetHints":{"allow":["GET"]}}],"collection":[{"href":"https:\/\/diariodominicano.com\/index.php?rest_route=\/wp\/v2\/posts"}],"about":[{"href":"https:\/\/diariodominicano.com\/index.php?rest_route=\/wp\/v2\/types\/post"}],"author":[{"embeddable":true,"href":"https:\/\/diariodominicano.com\/index.php?rest_route=\/wp\/v2\/users\/2"}],"replies":[{"embeddable":true,"href":"https:\/\/diariodominicano.com\/index.php?rest_route=%2Fwp%2Fv2%2Fcomments&post=307424"}],"version-history":[{"count":2,"href":"https:\/\/diariodominicano.com\/index.php?rest_route=\/wp\/v2\/posts\/307424\/revisions"}],"predecessor-version":[{"id":307430,"href":"https:\/\/diariodominicano.com\/index.php?rest_route=\/wp\/v2\/posts\/307424\/revisions\/307430"}],"wp:featuredmedia":[{"embeddable":true,"href":"https:\/\/diariodominicano.com\/index.php?rest_route=\/wp\/v2\/media\/307426"}],"wp:attachment":[{"href":"https:\/\/diariodominicano.com\/index.php?rest_route=%2Fwp%2Fv2%2Fmedia&parent=307424"}],"wp:term":[{"taxonomy":"category","embeddable":true,"href":"https:\/\/diariodominicano.com\/index.php?rest_route=%2Fwp%2Fv2%2Fcategories&post=307424"},{"taxonomy":"post_tag","embeddable":true,"href":"https:\/\/diariodominicano.com\/index.php?rest_route=%2Fwp%2Fv2%2Ftags&post=307424"}],"curies":[{"name":"wp","href":"https:\/\/api.w.org\/{rel}","templated":true}]}}